{"id":1357,"date":"2019-01-09T19:52:40","date_gmt":"2019-01-09T19:52:40","guid":{"rendered":"https:\/\/sofa-ms.de\/?p=1357"},"modified":"2019-01-13T13:25:40","modified_gmt":"2019-01-13T13:25:40","slug":"demo-19-1-in-lingen","status":"publish","type":"post","link":"https:\/\/sofa-ms.de\/?p=1357","title":{"rendered":"Demo 19.1. in Lingen"},"content":{"rendered":"\n<h2 class=\"wp-block-heading\">40 Jahre Brennelemente-Produktion sind genug &#8211; stilllegen statt Export<\/h2>\n\n\n\n<p><strong>Auftaktkundgebung: 13 Uhr, Bahnhof Lingen.<\/strong><\/p>\n\n\n\n<p class=\"has-background has-bright-red-background-color\"><strong>Gemeinsame Anreise aus M\u00fcnster: Treffpunkt 11:45 Uhr Haupteingang des HBF\/ Fahrkartenschalter, Abfahrt um 12:05 Uhr mit dem RE15 von Gleis 2.<\/strong><\/p>\n\n\n\n<p>Seit 40 Jahren wird in der Lingener Brennelementefabrik Nuklearbrennstoff f\u00fcr Atom kraftwerke in aller Welt hergestellt \u2013 z. B. f\u00fcr die Riss-Reaktoren Doel und Tihange in Belgien oder Uraltmeiler wie Fessenheim an der deutsch-franz\u00f6sischen Grenze. Damit  verbunden sind zahllose gef\u00e4hrliche Atomtransporte von und nach Lingen, quer durch  das Emsland, durch Niedersachsen und NRW, durch die Niederlande und durch andere  Regionen. Damit muss endlich Schluss sein!<\/p>\n\n\n\n<!--more-->\n\n\n\n<p>Und nicht nur die Brennelementefabrik birgt in Lingen Gefahren. Uns bedrohen die Reste des ersten AKW, das noch immer laufende AKW Lingen 2 (&#8222;Emsland&#8220;) sowie das Castor-Atomm\u00fclllager beim AKW Lingen 2.<br> In der Lingener Brennelementefabrik wird bisher ohne Laufzeitbegrenzung produziert.  Betrieben wird die Atomanlage von der Framatome-Tochter ANF. \u00dcber den franz\u00f6sischen Mutterkonzern von Framatome, den Energieversorger \u00c9lectricit\u00e9 de France (EDF) ist der<br> franz\u00f6sische Staat ma\u00dfgeblich an der Lingener Brennelementefabrik beteiligt und f\u00fcr sie  verantwortlich. Die Rentablit\u00e4t der Lingener Brennelemente-Fabrik steht seit der Reaktorkatastrophe von Fukushima in Frage, aktuell wird in Frankreich anscheinend \u00fcber eine (Teil-)Schlie\u00dfung der Lingener Brennelementefabrik nachgedacht, bzw. diese sogar als Begr\u00fcndung in franz\u00f6sischen Neubau-Antr\u00e4gen angef\u00fchrt.<br> Wiederholt gab es in der Lingener Brennelementefabrik St\u00f6rf\u00e4lle, bisher ca. 150. Am 6. Dezember 2018 hat sich mit einem Brand dort der wohl bisher schwerste St\u00f6rfall ereignet. Seither gibt es alle paar Tage neue Erkl\u00e4rungsversuche (Brand, Explosion, Verpuffung, \u2026). Glaubw\u00fcrdige Aufkl\u00e4rung sieht anders aus. Es ist zu bef\u00fcrchten, dass der Betrieb mit<br> weiter zunehmendem Alter der Anlage noch unsicherer wird.<\/p>\n\n\n\n<p>Immer wieder wurde in der Vergangenheit in Lingen und Umgebung vielf\u00e4ltig gegen den  Betrieb der Anlage protestiert, auch gegen die Urantransporte und gegen den vorgeschalteten umweltgef\u00e4hrdenden Uranabbau in Kanada, Afrika und anderswo. Und der Protest rei\u00dft<br> nicht ab. Es gibt starken Widerstand gegen weitere Exporte von Brennelementen. Wir fordern von der zust\u00e4ndigen Landesregierung in Hannover die sofortige und dauerhafte Aufhebung der Betriebsgenehmigung. Schon mehr als 350 Initiativen und Verb\u00e4nde fordern mit der \u201eLingen-Resolution\u201c die sofortige Stilllegung der Brennelementefabrik und des laufenden AKW.<\/p>\n\n\n\n<p>Die Folgen der Nutzung der Atomenergie werden wir noch lange sp\u00fcren m\u00fcssen. In Tschernobyl, in Fukushima, und auch im Emsland. Der in Lingen bereits vorhandene Atomm\u00fcll wird die Bev\u00f6lkerung weiter belasten. Und m\u00f6glicherweise droht dem Emsland oder der Grafschaft Bentheim der Bau eines Endlagers f\u00fcr hochradioaktiven Atomm\u00fcll. Auf<br> jeden Fall muss die weitere Atomm\u00fcllproduktion im AKW und durch die Brennelementefabrik gestoppt werden!<\/p>\n\n\n\n<p>Gemeinsam rufen wir daher zur Teilnahme an der Demo in Lingen am 19. Januar 2019 auf. F\u00fcr die sofortige Stilllegung der Brennelementefabrik in Lingen, der Uranfabriken in Gronau und Almelo sowie aller AKW und Atomanlagen weltweit! F\u00fcr eine umweltfreundliche und sozial gerechte Energiegewinnung.<\/p>\n\n\n\n<p>Veranstalter der Demonstration sind der Elternverein Restrisiko<br> Emsland, das Aktionsb\u00fcndnis M\u00fcnsterland gegen Atomanlagen<br> und der Arbeitskreis Umwelt (AKU) Sch\u00fcttorf<\/p>\n\n\n\n<p>Unterst\u00fctzerInnen: AntiAtomBonn, Arbeitskreis Umwelt (AKU)<br> Gronau, Bundesverband B\u00fcrgerinitiativen Umweltschutz (BBU),<br> BUND Kreisgruppe Emsland, ROBIN WOOD e.V., ContrAtom,<br> AG Schacht KONRAD<\/p>\n\n\n\n<p>Spenden zur Unterst\u00fctzung der Proteste gegen die<br> Brennelementefabrik in Lingen:<br> Konto-Inhaber: Aktionsb\u00fcndnis M\u00fcnsterland<br> gegen Atomanlagen<br> IBAN DE 49 8309 4495 0003 3619 18, BIC: GENODEF1ETK<\/p>\n","protected":false},"excerpt":{"rendered":"<p>40 Jahre Brennelemente-Produktion sind genug &#8211; stilllegen statt Export Auftaktkundgebung: 13 Uhr, Bahnhof Lingen. Gemeinsame Anreise aus M\u00fcnster: Treffpunkt 11:45 Uhr Haupteingang des HBF\/ Fahrkartenschalter, Abfahrt um 12:05 Uhr mit dem RE15 von Gleis 2. Seit 40 Jahren wird in der Lingener Brennelementefabrik Nuklearbrennstoff f\u00fcr Atom kraftwerke in aller Welt<span class=\"more-link\"><a href=\"https:\/\/sofa-ms.de\/?p=1357\">lies mehr<\/a><\/span><\/p>\n","protected":false},"author":3,"featured_media":0,"comment_status":"closed","ping_status":"closed","sticky":false,"template":"","format":"standard","meta":{"footnotes":""},"categories":[8,13],"tags":[16,15,17],"class_list":["entry","author-red-sofa","has-more-link","post-1357","post","type-post","status-publish","format-standard","category-lingen","category-demos","tag-brennelemente-fabrik","tag-lingen","tag-stoerfall"],"_links":{"self":[{"href":"https:\/\/sofa-ms.de\/index.php?rest_route=\/wp\/v2\/posts\/1357","targetHints":{"allow":["GET"]}}],"collection":[{"href":"https:\/\/sofa-ms.de\/index.php?rest_route=\/wp\/v2\/posts"}],"about":[{"href":"https:\/\/sofa-ms.de\/index.php?rest_route=\/wp\/v2\/types\/post"}],"author":[{"embeddable":true,"href":"https:\/\/sofa-ms.de\/index.php?rest_route=\/wp\/v2\/users\/3"}],"replies":[{"embeddable":true,"href":"https:\/\/sofa-ms.de\/index.php?rest_route=%2Fwp%2Fv2%2Fcomments&post=1357"}],"version-history":[{"count":4,"href":"https:\/\/sofa-ms.de\/index.php?rest_route=\/wp\/v2\/posts\/1357\/revisions"}],"predecessor-version":[{"id":1362,"href":"https:\/\/sofa-ms.de\/index.php?rest_route=\/wp\/v2\/posts\/1357\/revisions\/1362"}],"wp:attachment":[{"href":"https:\/\/sofa-ms.de\/index.php?rest_route=%2Fwp%2Fv2%2Fmedia&parent=1357"}],"wp:term":[{"taxonomy":"category","embeddable":true,"href":"https:\/\/sofa-ms.de\/index.php?rest_route=%2Fwp%2Fv2%2Fcategories&post=1357"},{"taxonomy":"post_tag","embeddable":true,"href":"https:\/\/sofa-ms.de\/index.php?rest_route=%2Fwp%2Fv2%2Ftags&post=1357"}],"curies":[{"name":"wp","href":"https:\/\/api.w.org\/{rel}","templated":true}]}}