{"id":1366,"date":"2019-01-13T13:47:12","date_gmt":"2019-01-13T13:47:12","guid":{"rendered":"https:\/\/sofa-ms.de\/?p=1366"},"modified":"2019-01-13T13:47:43","modified_gmt":"2019-01-13T13:47:43","slug":"nach-brand-in-brennelemente-fabrik-viele-fragen-sind-noch-ungeklaert","status":"publish","type":"post","link":"https:\/\/sofa-ms.de\/?p=1366","title":{"rendered":"Nach Brand in Brennelemente-Fabrik: Viele Fragen sind noch ungekl\u00e4rt"},"content":{"rendered":"<h2>40 Jahre sind genug: Brennelementefabrik Lingen stilllegen!<\/h2>\n<div>Mehrere regionale Anti-Atomkraft-Initiativen sowie der Bundesverband B\u00fcrgerinitiativen Umweltschutz (BBU), Robin Wood und die atomkritische \u00c4rzteorganisation IPPNW rufen f\u00fcr Samstag, <strong>19. Januar,<\/strong> unter dem Motto &#8222;40 Jahre sind genug \u2013 Brennelementefabrik Lingen stilllegen!&#8220; zu einer Demonstration in Lingen auf. Anlass sind der 40. Jahrestag der Inbetriebnahme der bundesweit einzigen Brennelementefabrik direkt am 19. Januar sowie der gravierende Brand in der Brennelementefabrik Anfang Dezember.<\/div>\n<div><strong>Auftakt der Demo ist mit einer Kundgebung um 13 Uhr am Bahnhof Lingen, es folgt ein Demozug durch die Innenstadt zum Alten Rathaus auf dem Marktplatz.<\/strong><\/div>\n<p><!--more--><\/p>\n<div>Die Brennelementefabrik Lingen ist nach 40 Jahren Laufzeit veraltet, die St\u00f6rf\u00e4lle h\u00e4ufen sich und der j\u00fcngste Brand aus dem Dezember ist noch nicht aufgekl\u00e4rt &#8211; vielmehr findet eine Verwirrungstaktik des Betreibers statt. Zudem gibt es bald in Deutschland durch die Abschaltung der restlichen Atomkraftwerke keinen Bedarf mehr f\u00fcr neue Brennelemente. Zudem ist der Export f\u00fcr Pannenreaktoren wie Tihange und Doel in Belgien oder Fessenheim und Cattenom in Frankreich unverantwortlich. Wir fordern deshalb die Atomanlage nach dem brisanten Brand nicht wieder in Betrieb gehen zu lassen und so den Atomausstieg auch bei der Versorgung der Atomkraftwerke einzuleiten!<\/div>\n<div>Die Initiativen und Verb\u00e4nde sind zudem sehr unzufrieden mit dem bisherigen Stand der Aufkl\u00e4rung zum Brand in der Brennelementefabrik. Vor Weihnachten hatte es innerhalb weniger Tage mehrere unterschiedliche Versionen zum Ablauf des St\u00f6rfalls gegeben. Welche davon zutrifft, l\u00e4sst sich f\u00fcr die \u00d6ffentlichkeit kaum noch nachvollziehen, wenn alle paar Tage wieder eine neue Version geliefert wird.<\/div>\n<div>Insbesondere ungekl\u00e4rt sind die Fragen, warum sich in dem betroffenen Labor \u00fcberhaupt brennbares Material befand. In einem Hochsicherheitsbereich m\u00fcsste dies eigentlich verboten sein. Ebenfalls ungekl\u00e4rt sind die genaue Menge des Urans in dem betroffenen Verdampfer und der genaue Verbleib des Urans. Auch wurde bislang weder von der Betreiberin Framatome noch von der nieders\u00e4chsischen Atomaufsicht die Frage beantwortet, in welcher Weise eventuell fahrl\u00e4ssiges Handeln zu dem Brand gef\u00fchrt hat. Aus diesem Grund hatten Atomkraftgegner vor Weihnachten die Staatsanwaltschaft Osnabr\u00fcck per Strafanzeige eingeschaltet. Initiativen und Verb\u00e4nde planen nun, sich mit einem ausf\u00fchrlichen Fragenkatalog direkt an die Atomaufsicht in Hannover zu wenden, um mehr Transparenz und Verl\u00e4sslichkeit in die Aufkl\u00e4rung zu bringen.<\/div>\n","protected":false},"excerpt":{"rendered":"<p>40 Jahre sind genug: Brennelementefabrik Lingen stilllegen! Mehrere regionale Anti-Atomkraft-Initiativen sowie der Bundesverband B\u00fcrgerinitiativen Umweltschutz (BBU), Robin Wood und die atomkritische \u00c4rzteorganisation IPPNW rufen f\u00fcr Samstag, 19. Januar, unter dem Motto &#8222;40 Jahre sind genug \u2013 Brennelementefabrik Lingen stilllegen!&#8220; zu einer Demonstration in Lingen auf. Anlass sind der 40. Jahrestag<span class=\"more-link\"><a href=\"https:\/\/sofa-ms.de\/?p=1366\">lies mehr<\/a><\/span><\/p>\n","protected":false},"author":1,"featured_media":0,"comment_status":"closed","ping_status":"closed","sticky":false,"template":"","format":"standard","meta":{"footnotes":""},"categories":[8,13],"tags":[],"class_list":["entry","author-sofadmin","has-more-link","post-1366","post","type-post","status-publish","format-standard","category-lingen","category-demos"],"_links":{"self":[{"href":"https:\/\/sofa-ms.de\/index.php?rest_route=\/wp\/v2\/posts\/1366","targetHints":{"allow":["GET"]}}],"collection":[{"href":"https:\/\/sofa-ms.de\/index.php?rest_route=\/wp\/v2\/posts"}],"about":[{"href":"https:\/\/sofa-ms.de\/index.php?rest_route=\/wp\/v2\/types\/post"}],"author":[{"embeddable":true,"href":"https:\/\/sofa-ms.de\/index.php?rest_route=\/wp\/v2\/users\/1"}],"replies":[{"embeddable":true,"href":"https:\/\/sofa-ms.de\/index.php?rest_route=%2Fwp%2Fv2%2Fcomments&post=1366"}],"version-history":[{"count":3,"href":"https:\/\/sofa-ms.de\/index.php?rest_route=\/wp\/v2\/posts\/1366\/revisions"}],"predecessor-version":[{"id":1369,"href":"https:\/\/sofa-ms.de\/index.php?rest_route=\/wp\/v2\/posts\/1366\/revisions\/1369"}],"wp:attachment":[{"href":"https:\/\/sofa-ms.de\/index.php?rest_route=%2Fwp%2Fv2%2Fmedia&parent=1366"}],"wp:term":[{"taxonomy":"category","embeddable":true,"href":"https:\/\/sofa-ms.de\/index.php?rest_route=%2Fwp%2Fv2%2Fcategories&post=1366"},{"taxonomy":"post_tag","embeddable":true,"href":"https:\/\/sofa-ms.de\/index.php?rest_route=%2Fwp%2Fv2%2Ftags&post=1366"}],"curies":[{"name":"wp","href":"https:\/\/api.w.org\/{rel}","templated":true}]}}