{"id":1490,"date":"2019-06-24T10:52:02","date_gmt":"2019-06-24T10:52:02","guid":{"rendered":"https:\/\/sofa-ms.de\/?p=1490"},"modified":"2019-06-25T22:10:49","modified_gmt":"2019-06-25T22:10:49","slug":"zwei-protestaktionen-vor-akw-lingen-am-mittwoch-und-freitag","status":"publish","type":"post","link":"https:\/\/sofa-ms.de\/?p=1490","title":{"rendered":"Zwei Protestaktionen vor AKW Lingen am Mittwoch und Freitag"},"content":{"rendered":"<ul>\n<li class=\"western\"><span style=\"color: #111111;\"><span style=\"font-family: Arial, serif;\"><span style=\"font-size: large;\"><b>AKW darf nach Riss-Funden nicht wieder ans Netz! <img loading=\"lazy\" decoding=\"async\" class=\"size-medium wp-image-1495 alignright\" src=\"https:\/\/sofa-ms.de\/wp-content\/uploads\/2019\/06\/Lingen-CO2-Kundgebung-215x300.jpg\" alt=\"\" width=\"215\" height=\"300\" \/><\/b><\/span><\/span><\/span><\/li>\n<li class=\"western\"><span style=\"color: #111111;\"> <span style=\"font-family: Arial, serif;\"><span style=\"font-size: large;\"><b>Klimaschutz geht anders!<\/b><\/span><\/span><\/span><\/li>\n<\/ul>\n<p class=\"western\"><span style=\"text-decoration: underline;\"><strong><span style=\"color: #000000;\"><span style=\"font-family: Arial, serif;\"><span style=\"font-size: medium;\">UPDATE: Bitte <a href=\"https:\/\/atomstadt-lingen.de\/aktuelles\/\" target=\"_blank\" rel=\"noopener noreferrer\">Anreise-Hinweise<\/a> beachten &#8211; Staugefahr wegen Musikveranstaltungen in Lingen!<\/span><\/span><\/span><\/strong><\/span><\/p>\n<p class=\"western\"><span style=\"color: #000000;\"><span style=\"font-family: Arial, serif;\"><span style=\"font-size: medium;\">F\u00fcr die kommende Woche rufen Anti-Atom-Initiativen gleich zu zwei Protestkundgebungen vor dem AKW Lingen 2\/ Emsland auf. Am Mittwoch den 26.6. und Freitag den 28.6 sind jeweils von 17 \u2013 19 Uhr vor dem Haupttor des AKW Lingen Versammlungen angemeldet.<\/span><\/span><\/span><\/p>\n<p class=\"western\"><span style=\"color: #000000;\"><span style=\"font-family: Arial, serif;\">Aufgrund der j\u00fcngsten Erkenntnisse \u00fcber Risse in Dampferzeugerheizrohren im AKW Lingen ist f\u00fcr Mittwoch eine gemeinsame Protestaktion mit der bundesweiten Anti-Atom-Organisation ausgestrahlt geplant. Bei der Revision wurden im AKW Lingen 2\/ Emsland zwei sogenannten Wanddickenschw\u00e4chungen um 47 bzw. 58% entdeckt.<\/span><\/span><\/p>\n<p><span style=\"color: #000000;\"><span style=\"font-family: Arial, serif;\">Unter dem Motto <a href=\"https:\/\/www.ausgestrahlt.de\/presse\/uebersicht\/risse-im-akw-lingenemsland-atomaufsicht-missachtet\/\" target=\"_blank\" rel=\"noopener noreferrer\">\u201eEin Riss kommt selten allein\u201c<\/a> soll der Druck auf die nieders\u00e4chsische Atomaufsicht und RWE erh\u00f6ht werden, damit das AKW Lingen 2 am Donnerstagabend nicht wieder hochgefahren wird. <\/span><\/span><!--more--><span style=\"color: #000000;\"><span style=\"font-family: Arial, serif;\">Denn es wurden nur 40% des Rohrleitungssystems der Dampferzeuger \u00fcberpr\u00fcft, das ist zwar mehr als \u00fcblich, schlie\u00dft aber weitere Korrosionssch\u00e4den nicht aus. Eine Richtlinie der Reaktorsicherheitskommission fordert bei Entdeckung erster Spannungskorrosionsrisse eine \u00dcberpr\u00fcfung von 100% der Leitungen. Dies wird von RWE und nieders\u00e4chsicher Atomaufsicht bislang verweigert. Eine vollst\u00e4ndige Untersuchung ist aufgrund der innenliegenden Bauweise recht aufw\u00e4ndig durchzuf\u00fchren \u2013 damit ist das Wiederanfahren des \u00fcber 30 Jahre alten AKW mit deutlichen Risiken behaftet.\u00a0<\/span><\/span><\/p>\n<p><span style=\"color: #000000;\"><span style=\"font-family: Arial, serif;\">Dies zeigte sich 2017 im baugleichen AKW Neckarwestheim 2 \u2013 das AKW ging nach ersten Funden ohne vollst\u00e4ndige Kontrolle aller Rohre wieder ans Netz und ein Jahr sp\u00e4ter wurden deutlich mehr Korrosionssch\u00e4den mit bis zu 90%iger Schw\u00e4chung der Rohre gefunden. Ein Leck oder gar Abriss eines der Rohre w\u00e4re ein komplizierter St\u00f6rfall, Radioaktivit\u00e4t w\u00fcrde austreten. Im schlimmsten Fall k\u00f6nnte der ganze Reaktor unkontrollierbar werden.<\/span><\/span><\/p>\n<p><span style=\"color: #000000;\"><span style=\"font-family: Arial, serif;\">Wir fordern daher die nieders\u00e4chsische Atomaufsicht auf, das AKW Emsland nicht wieder ans Netz zu lassen! Die Erfahrungen aus Neckarwestheim zeigen, dass Korrosionsprobleme systematisch untersch\u00e4tzt werden. RWE darf sich hier nicht wegen des Aufwands der Pr\u00fcfungen aus der Verantwortung stehlen!<\/span><\/span><\/p>\n<p class=\"western\"><span style=\"color: #000000;\"><span style=\"font-family: Arial, serif;\">Schon seit einiger Zeit versucht RWE in Lingen das AKW als Klimaretter positiv zu vermarkten und verschweigt dabei den massiven Energieaufwand und somit CO<\/span><\/span><span style=\"color: #000000;\"><sub><span style=\"font-family: Arial, serif;\">2<\/span><\/sub><\/span><span style=\"color: #000000;\"><span style=\"font-family: Arial, serif;\">-Aussto\u00df f\u00fcr die Gewinnung, und Anreicherung von Uran als Betriebsstoff. So gehen Berechnungen von 65-146g CO<\/span><\/span><span style=\"color: #000000;\"><sub><span style=\"font-family: Arial, serif;\">2<\/span><\/sub><\/span><span style=\"color: #000000;\"><span style=\"font-family: Arial, serif;\"> pro kWh bei derzeitigen Uranerzen aus. Dies nimmt die \u00f6rtliche Anti-Atomkraft-Gruppe gemeinsam mit befreundeten Initiativen und Klimasch\u00fctzern zum Anlass, am Freitag eine zweite Protestkundgebung durchzuf\u00fchren. Dazu Alexander Vent vom B\u00fcndnis Atomkraftgegner im Emsland:<\/span><\/span><\/p>\n<p class=\"western\"><span style=\"color: #000000;\"><span style=\"font-family: Arial, serif;\">RWE sollte sich ihrer immensen Verantwortung zur Verhinderung des Klimakollapses bewusst sein. Dass man jetzt versucht, mit faktisch falschen Werbeslogans das eigene Profitstreben salonf\u00e4hig zu machen, und zwar auf Kosten unserer Umwelt und unserer Zukunft, zeigt einmal mehr, dass die Atomindustrie ihrer Verantwortung nicht gewachsen ist. Die Konsequenz daraus kann nur sein, allen Atomanlagen umgehend die Betriebsgenehmigung zu entziehen und erneuerbare Energien zu f\u00f6rdern!<\/span><\/span><\/p>\n<p><span style=\"font-size: large;\"><b>Quellen\/ Hintergrundinformationen:<\/b><\/span><\/p>\n<ul>\n<li><a href=\"https:\/\/www.ausgestrahlt.de\/_newsletter\/aktion-am-akw-lingen-ein-riss-kommt-selten-allein\/\"><span style=\"font-family: Arial, serif;\">https:\/\/www.ausgestrahlt.de\/_newsletter\/aktion-am-akw-lingen-ein-riss-kommt-selten-allein\/<\/span><\/a><\/li>\n<li><a href=\"https:\/\/www.ausgestrahlt.de\/informieren\/atomunfall\/gefahr-neckarwestheim\/\"><span style=\"font-family: Arial, serif;\">https:\/\/www.ausgestrahlt.de\/informieren\/atomunfall\/gefahr-neckarwestheim\/<\/span><\/a><\/li>\n<li><a href=\"https:\/\/www.ausgestrahlt.de\/media\/mag41_WEB.pdf%20S.%2012\/13\"><span style=\"font-family: Arial, serif;\">https:\/\/www.ausgestrahlt.de\/media\/mag41_WEB.pdf S. 12\/13<\/span><\/a><\/li>\n<li><a href=\"https:\/\/atomstadt-lingen.de\/2019\/06\/10\/protestkundgebung-zur-co2-luege-der-rwe-am-akw-lingen-28-06-2019-1700\/\"><span style=\"font-family: Arial, serif;\">https:\/\/atomstadt-lingen.de\/2019\/06\/10\/protestkundgebung-zur-co2-luege-der-rwe-am-akw-lingen-28-06-2019-1700\/<\/span><\/a><\/li>\n<li><a href=\"https:\/\/atomstadt-lingen.de\/2019\/06\/08\/kernenergie-nicht-co2-frei\/\"><span style=\"font-family: Arial, serif;\">https:\/\/atomstadt-lingen.de\/2019\/06\/08\/kernenergie-nicht-co2-frei\/<\/span><\/a><\/li>\n<\/ul>\n","protected":false},"excerpt":{"rendered":"<p>AKW darf nach Riss-Funden nicht wieder ans Netz! Klimaschutz geht anders! UPDATE: Bitte Anreise-Hinweise beachten &#8211; Staugefahr wegen Musikveranstaltungen in Lingen! F\u00fcr die kommende Woche rufen Anti-Atom-Initiativen gleich zu zwei Protestkundgebungen vor dem AKW Lingen 2\/ Emsland auf. Am Mittwoch den 26.6. und Freitag den 28.6 sind jeweils von 17<span class=\"more-link\"><a href=\"https:\/\/sofa-ms.de\/?p=1490\">lies mehr<\/a><\/span><\/p>\n","protected":false},"author":1,"featured_media":0,"comment_status":"closed","ping_status":"closed","sticky":false,"template":"","format":"standard","meta":{"footnotes":""},"categories":[9,13],"tags":[],"class_list":["entry","author-sofadmin","has-more-link","post-1490","post","type-post","status-publish","format-standard","category-akw-lingen","category-demos"],"_links":{"self":[{"href":"https:\/\/sofa-ms.de\/index.php?rest_route=\/wp\/v2\/posts\/1490","targetHints":{"allow":["GET"]}}],"collection":[{"href":"https:\/\/sofa-ms.de\/index.php?rest_route=\/wp\/v2\/posts"}],"about":[{"href":"https:\/\/sofa-ms.de\/index.php?rest_route=\/wp\/v2\/types\/post"}],"author":[{"embeddable":true,"href":"https:\/\/sofa-ms.de\/index.php?rest_route=\/wp\/v2\/users\/1"}],"replies":[{"embeddable":true,"href":"https:\/\/sofa-ms.de\/index.php?rest_route=%2Fwp%2Fv2%2Fcomments&post=1490"}],"version-history":[{"count":4,"href":"https:\/\/sofa-ms.de\/index.php?rest_route=\/wp\/v2\/posts\/1490\/revisions"}],"predecessor-version":[{"id":1496,"href":"https:\/\/sofa-ms.de\/index.php?rest_route=\/wp\/v2\/posts\/1490\/revisions\/1496"}],"wp:attachment":[{"href":"https:\/\/sofa-ms.de\/index.php?rest_route=%2Fwp%2Fv2%2Fmedia&parent=1490"}],"wp:term":[{"taxonomy":"category","embeddable":true,"href":"https:\/\/sofa-ms.de\/index.php?rest_route=%2Fwp%2Fv2%2Fcategories&post=1490"},{"taxonomy":"post_tag","embeddable":true,"href":"https:\/\/sofa-ms.de\/index.php?rest_route=%2Fwp%2Fv2%2Ftags&post=1490"}],"curies":[{"name":"wp","href":"https:\/\/api.w.org\/{rel}","templated":true}]}}