{"id":1746,"date":"2020-04-05T17:20:04","date_gmt":"2020-04-05T17:20:04","guid":{"rendered":"https:\/\/sofa-ms.de\/?p=1746"},"modified":"2020-04-05T17:21:38","modified_gmt":"2020-04-05T17:21:38","slug":"urantransporte-in-corona-zeiten-absagen-versammlung-genehmigt","status":"publish","type":"post","link":"https:\/\/sofa-ms.de\/?p=1746","title":{"rendered":"Urantransporte in Corona-Zeiten absagen -Versammlung genehmigt"},"content":{"rendered":"<ul>\n<li><span style=\"font-size: x-large;\"><b>Nach Klage vor Verwaltungsgericht M\u00fcnster: <\/b><\/span><span style=\"font-size: x-large;\"><b>Stadt M\u00fcnster genehmigt Protest gegen Urantransport<\/b><\/span><\/li>\n<li><span style=\"font-size: x-large;\"><b>Urencos Verhalten in Corona-Zeiten ist verantwortungslos<\/b><\/span><\/li>\n<li><span style=\"font-size: x-large;\"><b>Uranm\u00fclltransport Gronau-Russland Montag fr\u00fch erwartet<\/b><\/span><\/li>\n<\/ul>\n<p>Am morgigen Montag (6.4.) wird es nun doch zu Protestversammlungen gegen den bevorstehenden Uranm\u00fclltransport von der westf\u00e4lischen Urananreicherungsanlage Gronau zur russischen Atomfabrik Novouralsk kommen. Nachdem Atomkraftgegner in M\u00fcnster vor dem Verwaltungsgericht M\u00fcnster eine Klage gegen ein pauschales Versammlungsverbot eingereicht hatten, kam es zu Gespr\u00e4chen unter den Verfahrensbeteiligten. Im Ergebnis best\u00e4tigte die Stadt M\u00fcnster nunmehr die Anmeldung f\u00fcr eine Mahnwache am morgigen <strong>Montag, ab 11 Uhr in H\u00f6he des G\u00fcterbahnhofs auf dem Alfred-Krupp-Weg \/ Ecke Roddestra\u00dfe.<\/strong> <strong>Die Versammlungsteilnehmer m\u00fcssen dabei Mundschutz tragen und 1,50 m Abstand voneinander halten.<\/strong> Ein Urteil war nach dem Einlenken der Stadt M\u00fcnster nicht mehr erforderlich. Mittlerweile liegt f\u00fcr morgen fr\u00fch auch in Gronau eine Versammlungsanmeldung f\u00fcr den Bereich der Bahnbr\u00fccke auf der Max-Planck-Stra\u00dfe vor dem Hautpteingang der Urananreicherungsanlage Gronau vor. <strong>Dort findet die Mahnwachw von 8-11 Uhr statt &#8211; mit Mundschutz und Mindestabstand.<\/strong><\/p>\n<p>Durch das Verfahren vor dem Verwaltungsgericht M\u00fcnster wurde klar, dass es auch in Corona-Zeiten keine pauschalen Versammlungsverbote gibt. Die jetzigen Auflagen zeigen aber, wie wenig demokratische Bewegungsfreiheit derzeit existiert. Wir erinnern zudem daran, dass die Versammlung nur erforderlich ist, weil der Gronauer Urananreicherer Urenco ungeachtet der erheblichen Gefahren durch einen Uranhexafluorid-Transport starrsinnig auf solch einem betrieblich v\u00f6llig unerheblichen Transport besteht. Wir fordern Urenco nochmals eindringlich auf, auch Last Minute noch auf diesen gef\u00e4hrlichen Uranm\u00fcllexport nach Russland zu verzichten \u2013 die Notfalldienste und Krankenh\u00e4user entlang der Transportstrecke w\u00fcrden das mit Sicherheit sehr begr\u00fc\u00dfen.<\/p>\n<p>Die Kritik an dem geplanten Uranm\u00fclltransport von Gronau nach Novouralsk nimmt unterdessen weiter zu: Bereits am Donnerstag hatte die Stadt M\u00fcnster schriftlich von Urenco eine Aussetzung der Urantransporte w\u00e4hrend der Corona-Pandemie gefordert. Die Gr\u00fcnen-Bundestagsabgeordneten Sylvia Kotting-Uhl und Oliver Krischer forderten nun Bundesinnenminister Horst Seehofer auf, nicht nur Castor-Transporte, sondern auch die jetzigen Urantransporte in Corona-Zeiten zu untersagen. Auch die NRW-Landesvorsitzende der Gr\u00fcnen, Mona Neubaur, nannte den Transport &#8222;unverantwortlich&#8220;. Der Linken-Bundestagsabgeordnete Hubertus Zdebel forderte ein &#8222;umfassendes Uranexport-Verbot&#8220;.<\/p>\n<p><span style=\"font-size: large;\"><b>Hintergr\u00fcnde:<\/b><\/span><\/p>\n<p>Urenco exportierte bereits von 1995 bis 2009 s\u00e4mtliche &#8222;Reststoffe&#8220; aus der Urananreicherung als Atomm\u00fcll zur Endlagerung nach Russland, um in Deutschland die wesentlich teurere Entsorgung des Uranm\u00fclls zu umgehen. Aufgrund internationaler Proteste gab es dann eine zehnj\u00e4hrige Pause, bis im Fr\u00fchjahr 2019 die Exporte insgeheim wieder aufgenommen wurden. Seither verlie\u00dfen insgesamt 11 Uranm\u00fcllz\u00fcge Gronau mit insgesamt 6600 t Uranhexafluorid.<\/p>\n<p>Die Uranm\u00fcllz\u00fcge fuhren dabei immer von Gronau \u00fcber Steinfurt durch M\u00fcnster und dann weiter via Drensteinfurt, Hamm, den Kreis Unna, das Ruhrgebiet, Duisburg, Viersen, M\u00f6nchengladbach, Venlo und viele niederl\u00e4ndische Orte bis zum Hafen Amsterdam. Dort erfolgte die Verladung nach St. Petersburg. Zielort ist die Geschlossene Stadt Novouralsk, die von Au\u00dfenstehenden nur mit Sondererlaubnis besucht werden darf.<\/p>\n<p>Bei den letzten Uranm\u00fclltransporten hatten AtomkraftgegnerInnen Ende 2019 zwei Uranm\u00fcllz\u00fcge zwischen Gronau und M\u00fcnster mit Abseilaktionen f\u00fcr mehrere Stunden blockiert. Die Proteste richten sich auch gegen die h\u00e4ufigen Urantransporte mit LKW, die mit dem Betrieb der Gronauer Uranfabrik verbunden sind. Auch in Russland kam es in St. Petersburg, Moskau und sogar am Zielort in der abgeschotteten Atomstadt Novouralsk zu Protesten gegen die Uranm\u00fcllexporte. Zudem haben 70 000 Menschen in Russland eine Protest-Petition gegen die Uranm\u00fcllexporte aus Deutschland unterschrieben. Die Petition wurde im Januar dem Bundesumweltministerium \u00fcberreicht.<\/p>\n<p>Mitte M\u00e4rz hatte das Bundesinnenministerium einen f\u00fcr Anfang April geplanten Atomm\u00fcll-Transport vom britischen Sellafield zum stillgelegten AKW Biblis in Hessen aufgrund der Corona-Gefahrensituation abgesagt.<\/p>\n<p><a name=\"_GoBack\"><\/a> Gegen den Weiterbetrieb der Urananreicherungsanlage Gronau richtet sich aktuell auch ein Ostermarsch-Appell, f\u00fcr den rund 20 Initiativen und Verb\u00e4nde mittels einer Online-Petition Unterschriften sammeln. Die Petition findet sich unter <span style=\"color: #0563c1;\"><u><a href=\"http:\/\/www.openpetition.de\/!cfbxn\">www.openpetition.de\/!cfbxn<\/a><\/u><\/span><\/p>\n","protected":false},"excerpt":{"rendered":"<p>Nach Klage vor Verwaltungsgericht M\u00fcnster: Stadt M\u00fcnster genehmigt Protest gegen Urantransport Urencos Verhalten in Corona-Zeiten ist verantwortungslos Uranm\u00fclltransport Gronau-Russland Montag fr\u00fch erwartet Am morgigen Montag (6.4.) wird es nun doch zu Protestversammlungen gegen den bevorstehenden Uranm\u00fclltransport von der westf\u00e4lischen Urananreicherungsanlage Gronau zur russischen Atomfabrik Novouralsk kommen. Nachdem Atomkraftgegner in M\u00fcnster<span class=\"more-link\"><a href=\"https:\/\/sofa-ms.de\/?p=1746\">lies mehr<\/a><\/span><\/p>\n","protected":false},"author":1,"featured_media":0,"comment_status":"closed","ping_status":"closed","sticky":false,"template":"","format":"standard","meta":{"footnotes":""},"categories":[13,7,24,12],"tags":[],"class_list":["entry","author-sofadmin","post-1746","post","type-post","status-publish","format-standard","category-demos","category-gronau","category-repression","category-urantransporte"],"_links":{"self":[{"href":"https:\/\/sofa-ms.de\/index.php?rest_route=\/wp\/v2\/posts\/1746","targetHints":{"allow":["GET"]}}],"collection":[{"href":"https:\/\/sofa-ms.de\/index.php?rest_route=\/wp\/v2\/posts"}],"about":[{"href":"https:\/\/sofa-ms.de\/index.php?rest_route=\/wp\/v2\/types\/post"}],"author":[{"embeddable":true,"href":"https:\/\/sofa-ms.de\/index.php?rest_route=\/wp\/v2\/users\/1"}],"replies":[{"embeddable":true,"href":"https:\/\/sofa-ms.de\/index.php?rest_route=%2Fwp%2Fv2%2Fcomments&post=1746"}],"version-history":[{"count":3,"href":"https:\/\/sofa-ms.de\/index.php?rest_route=\/wp\/v2\/posts\/1746\/revisions"}],"predecessor-version":[{"id":1749,"href":"https:\/\/sofa-ms.de\/index.php?rest_route=\/wp\/v2\/posts\/1746\/revisions\/1749"}],"wp:attachment":[{"href":"https:\/\/sofa-ms.de\/index.php?rest_route=%2Fwp%2Fv2%2Fmedia&parent=1746"}],"wp:term":[{"taxonomy":"category","embeddable":true,"href":"https:\/\/sofa-ms.de\/index.php?rest_route=%2Fwp%2Fv2%2Fcategories&post=1746"},{"taxonomy":"post_tag","embeddable":true,"href":"https:\/\/sofa-ms.de\/index.php?rest_route=%2Fwp%2Fv2%2Ftags&post=1746"}],"curies":[{"name":"wp","href":"https:\/\/api.w.org\/{rel}","templated":true}]}}