{"id":1750,"date":"2020-04-06T22:06:06","date_gmt":"2020-04-06T22:06:06","guid":{"rendered":"https:\/\/sofa-ms.de\/?p=1750"},"modified":"2020-04-06T22:06:06","modified_gmt":"2020-04-06T22:06:06","slug":"proteste-erfolgreich-und-sicher-uranmuellexport-unterwegs","status":"publish","type":"post","link":"https:\/\/sofa-ms.de\/?p=1750","title":{"rendered":"Proteste erfolgreich und sicher &#8211; Uranm\u00fcllexport unterwegs"},"content":{"rendered":"<p>Mit entsprechendem Abstand, extra langen Transparenten und Mundschutz demonstrierten heute ca. 50 Menschen in M\u00fcnster und Gronau gegen den Start eines neuen Uranm\u00fcllexports aus der Gronauer Urananreicherungsanlage nach Russland. Der Zug setzte sich am fr\u00fchen Mittag in Bewegung. Damit waren dies offenbar die ersten erfolgreichen Proteste seit Beginn des Corona-Shutdowns in Deutschland ohne dass die Polizei einschritt. Nach Einreichung einer Klage hatten sich Versammlungsleitung und Ordnungsamt bez\u00fcglich der Hygienema\u00dfnahmen abgesprochen. In M\u00fcnster sprach sogar der Einsatzleiter der Polizei von einer ordentlichen und sicheren Durchf\u00fchrung. Meinungs- und Versmmlungsfreiheit kann und muss somit auch in Zeiten einer Pandemie m\u00f6glich sein ohne anderen zu gef\u00e4hrden. (sieh auch <a href=\"https:\/\/www.wn.de\/Muenster\/4182661-Versammlungsfreiheit-in-Corona-Zeiten-Anti-Atom-Mahnwache-mit-Mindestabstand\" target=\"_blank\" rel=\"noopener noreferrer\">WN<\/a>, <a href=\"https:\/\/taz.de\/Demos-wegen-Corona-Pandemie-verboten\/!5673402\/\" target=\"_blank\" rel=\"noopener noreferrer\">Taz 1<\/a>, <a href=\"https:\/\/taz.de\/Politische-Bewegungen-in-Corona-Zeiten\/!5674569\/\" target=\"_blank\" rel=\"noopener noreferrer\">Taz 2<\/a>, <a href=\"https:\/\/www.sueddeutsche.de\/politik\/proteste-muenstern-atomkraft-coronavirus-1.4869663\" target=\"_blank\" rel=\"noopener noreferrer\">S\u00fcddeutsche<\/a>, <a href=\"https:\/\/www1.wdr.de\/nachrichten\/westfalen-lippe\/urantransport-muenster-corona-100.html\" target=\"_blank\" rel=\"noopener noreferrer\">WDR<\/a>, alle Links extern).<\/p>\n<p>Urenco nimmt mit solch gef\u00e4hrlichen Transporten (Uranhexafluorid reagiert bei einer Freiseitzung mit Luftfeuchtigkeit zu t\u00f6dlicher Flusss\u00e4ure) keinerlei R\u00fccksicht auf die derzeitige Belastung von Rettungskr\u00e4ften und medizinischem Personal. Zuvor hatte sogar der Ordnungsdezernent der Stadt M\u00fcnster, Wolfgang Heuer, den Urenco-Konzern aufgefordert, die Uranm\u00fcll-Exporte vorerst einzustellen.<\/p>\n<p>Dabei dienen diese Transporte lediglich dazu , unliebsamen Atomm\u00fcll loszuwerden und schon gar nicht der Produktion von in Pandemie-Zeiten wichtigen G\u00fctern dient! Mit gesellschaftlicher Verantwortung hat Urenco selbst in solch schwierigen Zeiten nichts am Hut! Der Protest wird weitergehen, der Ostermarsch ist nicht aufgehoben, sondern nur aufgeschoben &#8211; bis dahin beteiligt euch an der <a href=\"http:\/\/www.openpetition.de\/!cfbxn\">Online-Petition<\/a>!<\/p>\n","protected":false},"excerpt":{"rendered":"<p>Mit entsprechendem Abstand, extra langen Transparenten und Mundschutz demonstrierten heute ca. 50 Menschen in M\u00fcnster und Gronau gegen den Start eines neuen Uranm\u00fcllexports aus der Gronauer Urananreicherungsanlage nach Russland. Der Zug setzte sich am fr\u00fchen Mittag in Bewegung. Damit waren dies offenbar die ersten erfolgreichen Proteste seit Beginn des Corona-Shutdowns<span class=\"more-link\"><a href=\"https:\/\/sofa-ms.de\/?p=1750\">lies mehr<\/a><\/span><\/p>\n","protected":false},"author":1,"featured_media":0,"comment_status":"closed","ping_status":"closed","sticky":false,"template":"","format":"standard","meta":{"footnotes":""},"categories":[13,7,24,12],"tags":[],"class_list":["entry","author-sofadmin","post-1750","post","type-post","status-publish","format-standard","category-demos","category-gronau","category-repression","category-urantransporte"],"_links":{"self":[{"href":"https:\/\/sofa-ms.de\/index.php?rest_route=\/wp\/v2\/posts\/1750","targetHints":{"allow":["GET"]}}],"collection":[{"href":"https:\/\/sofa-ms.de\/index.php?rest_route=\/wp\/v2\/posts"}],"about":[{"href":"https:\/\/sofa-ms.de\/index.php?rest_route=\/wp\/v2\/types\/post"}],"author":[{"embeddable":true,"href":"https:\/\/sofa-ms.de\/index.php?rest_route=\/wp\/v2\/users\/1"}],"replies":[{"embeddable":true,"href":"https:\/\/sofa-ms.de\/index.php?rest_route=%2Fwp%2Fv2%2Fcomments&post=1750"}],"version-history":[{"count":1,"href":"https:\/\/sofa-ms.de\/index.php?rest_route=\/wp\/v2\/posts\/1750\/revisions"}],"predecessor-version":[{"id":1751,"href":"https:\/\/sofa-ms.de\/index.php?rest_route=\/wp\/v2\/posts\/1750\/revisions\/1751"}],"wp:attachment":[{"href":"https:\/\/sofa-ms.de\/index.php?rest_route=%2Fwp%2Fv2%2Fmedia&parent=1750"}],"wp:term":[{"taxonomy":"category","embeddable":true,"href":"https:\/\/sofa-ms.de\/index.php?rest_route=%2Fwp%2Fv2%2Fcategories&post=1750"},{"taxonomy":"post_tag","embeddable":true,"href":"https:\/\/sofa-ms.de\/index.php?rest_route=%2Fwp%2Fv2%2Ftags&post=1750"}],"curies":[{"name":"wp","href":"https:\/\/api.w.org\/{rel}","templated":true}]}}