{"id":1921,"date":"2020-08-26T21:41:23","date_gmt":"2020-08-26T21:41:23","guid":{"rendered":"https:\/\/sofa-ms.de\/?p=1921"},"modified":"2020-08-26T21:41:23","modified_gmt":"2020-08-26T21:41:23","slug":"grusswort-aus-russland-zum-juengsten-urantransport","status":"publish","type":"post","link":"https:\/\/sofa-ms.de\/?p=1921","title":{"rendered":"Gru\u00dfwort aus Russland zum j\u00fcngsten Urantransport"},"content":{"rendered":"<p>Wir dokumentieren hier das Gru\u00dfwort unserer Freunde der russischen Umweltorganisation Ecodefense und solidarisieren uns mit den betroffenen in Russland!<\/p>\n<p><span style=\"font-family: times new roman, times, serif;\">&#8222;Liebe Freunde und MitstreiterInnen in den Anti- Atomk\u00e4mpfen,<\/span><\/p>\n<p><span style=\"font-family: times new roman, times, serif;\">die weltweiten Atomkonzerne vereinigen ihre Kraft , um zu \u00fcberleben \u2013 und\u00a0 URENCO und ROSATOM sind da keine Ausnahme!<\/span><br \/>\n<span style=\"font-family: times new roman, times, serif;\">Der Druck in Deutschland zwang URENCO dazu, andere Orte f\u00fcr seine Uranm\u00fclldeponie zu finden.<\/span><br \/>\n<span style=\"font-family: times new roman, times, serif;\">Und leider haben sie Einen in Russland gefunden. Und der russische Atomkonzern ROSATOM ist gl\u00fccklich, daf\u00fcr bezahlt zu werden.<\/span><br \/>\n<span style=\"font-family: times new roman, times, serif;\">Das russische Recht erlaubt keinen Import von Atomm\u00fcll aus anderen L\u00e4ndern. Aber wenn Vladimir Putin die Nuklearindustrie unterst\u00fctzt \u2013 dann wird alles m\u00f6glich!<\/span><br \/>\n<span style=\"font-family: times new roman, times, serif;\">Die russische Bev\u00f6lkerung will den Import von URENCO Abf\u00e4llen nicht \u2013 Aktuelle Meinungsumfragen zeigen, dass 81% der Bev\u00f6lkerung den Import jedweden Atommaterials aus anderen L\u00e4ndern ablehnen.<\/span><br \/>\n<span style=\"font-family: times new roman, times, serif;\">Aber die russische Regierung und die Nuklearindustrie respektieren den Willen der Menschen einfach nicht!<\/span><\/p>\n<p><span style=\"font-family: times new roman, times, serif;\">W\u00e4hrend des Putinregimes in Russland sind die meisten Umweltgruppen und Antiatom-Gruppen von der Regierung attackiert und dann geschlossen worden.<\/span><br \/>\n<span style=\"font-family: times new roman, times, serif;\">Sehr wenige Gruppen und NGOs konnten \u00fcberleben und weiter k\u00e4mpfen, trotz starken Drucks der Autorit\u00e4ten und deren fortgesetzten Angriffen.<\/span><\/p>\n<p><span style=\"font-family: times new roman, times, serif;\">Heute danken wir euch sehr f\u00fcr euren Protest, der unseren gemeinsamen Kampf gegen die desastr\u00f6se und t\u00f6dliche Atomindustrie unterst\u00fctzt!<\/span><br \/>\n<span style=\"font-family: times new roman, times, serif;\">Kein Land in der Welt sollte zu einer Atomm\u00fcllhalde gemacht werden k\u00f6nnen!<\/span><\/p>\n<p><span style=\"font-family: times new roman, times, serif;\">Zusammen k\u00f6nnen wir dies erreichen \u2013 wenn wir nicht anhalten, sondern mit unserem Protest weitermachen!<\/span><\/p>\n<p><span style=\"font-family: times new roman, times, serif;\">Wenn Menschen in verschiedenen L\u00e4ndern ihre Kr\u00e4fte gemeinsam b\u00fcndeln \u2013 k\u00f6nnen sie nur gewinnen \u2013\u00a0 es ist nur eine Frage der Zeit!<\/span><\/p>\n<p><span style=\"font-family: times new roman, times, serif;\">Danke an euch noch einmal und lasst uns URENCO und ROSATOM gemeinsam stoppen, &#8211; f\u00fcr eine freie und gerechte Welt, f\u00fcr uns und f\u00fcr zuk\u00fcnftige Generationen!&#8220;<\/span><\/p>\n","protected":false},"excerpt":{"rendered":"<p>Wir dokumentieren hier das Gru\u00dfwort unserer Freunde der russischen Umweltorganisation Ecodefense und solidarisieren uns mit den betroffenen in Russland! &#8222;Liebe Freunde und MitstreiterInnen in den Anti- Atomk\u00e4mpfen, die weltweiten Atomkonzerne vereinigen ihre Kraft , um zu \u00fcberleben \u2013 und\u00a0 URENCO und ROSATOM sind da keine Ausnahme! Der Druck in Deutschland<span class=\"more-link\"><a href=\"https:\/\/sofa-ms.de\/?p=1921\">lies mehr<\/a><\/span><\/p>\n","protected":false},"author":3,"featured_media":0,"comment_status":"closed","ping_status":"closed","sticky":false,"template":"","format":"standard","meta":{"footnotes":""},"categories":[7,24,12],"tags":[],"class_list":["entry","author-red-sofa","post-1921","post","type-post","status-publish","format-standard","category-gronau","category-repression","category-urantransporte"],"_links":{"self":[{"href":"https:\/\/sofa-ms.de\/index.php?rest_route=\/wp\/v2\/posts\/1921","targetHints":{"allow":["GET"]}}],"collection":[{"href":"https:\/\/sofa-ms.de\/index.php?rest_route=\/wp\/v2\/posts"}],"about":[{"href":"https:\/\/sofa-ms.de\/index.php?rest_route=\/wp\/v2\/types\/post"}],"author":[{"embeddable":true,"href":"https:\/\/sofa-ms.de\/index.php?rest_route=\/wp\/v2\/users\/3"}],"replies":[{"embeddable":true,"href":"https:\/\/sofa-ms.de\/index.php?rest_route=%2Fwp%2Fv2%2Fcomments&post=1921"}],"version-history":[{"count":1,"href":"https:\/\/sofa-ms.de\/index.php?rest_route=\/wp\/v2\/posts\/1921\/revisions"}],"predecessor-version":[{"id":1922,"href":"https:\/\/sofa-ms.de\/index.php?rest_route=\/wp\/v2\/posts\/1921\/revisions\/1922"}],"wp:attachment":[{"href":"https:\/\/sofa-ms.de\/index.php?rest_route=%2Fwp%2Fv2%2Fmedia&parent=1921"}],"wp:term":[{"taxonomy":"category","embeddable":true,"href":"https:\/\/sofa-ms.de\/index.php?rest_route=%2Fwp%2Fv2%2Fcategories&post=1921"},{"taxonomy":"post_tag","embeddable":true,"href":"https:\/\/sofa-ms.de\/index.php?rest_route=%2Fwp%2Fv2%2Ftags&post=1921"}],"curies":[{"name":"wp","href":"https:\/\/api.w.org\/{rel}","templated":true}]}}