{"id":1966,"date":"2020-10-30T22:27:03","date_gmt":"2020-10-30T22:27:03","guid":{"rendered":"https:\/\/sofa-ms.de\/?p=1966"},"modified":"2020-11-02T12:55:35","modified_gmt":"2020-11-02T12:55:35","slug":"castor-in-sellafield-gestartet-samstag-protest-in-muenster","status":"publish","type":"post","link":"https:\/\/sofa-ms.de\/?p=1966","title":{"rendered":"M\u00fcnster Horror Climate Show"},"content":{"rendered":"<p>Am Samstag demonstrierten rund 500 AktivistInnen im Rahmen der &#8222;<a href=\"https:\/\/klimaalarm-ms.de\/muenster-horror-climate-show\/\" target=\"_blank\" rel=\"noopener noreferrer\">M\u00fcnster Horror Climate Show<\/a>&#8220; f\u00fcr mehr Klimagerechtigkeit. Veranstalter war das B\u00fcndnis Klimaalarm M\u00fcnster, an dem SOFA M\u00fcnster beteiligt ist. Dabei ging es u. a. um Kohle, Atom, Fleischindustrie, Verkehrswende, Fl\u00fcchtlingspolitik und internationale Solidarit\u00e4t mit Klima-AktivistInnen. 80 Leute demonstrierten dabei vor dem Hauptbahnhof. Dort ging es um die Menschenrechtssituation von Klima-AktivistInnen in Russland und Lateinamerika. Auch geht es um die Rolle der Bundespolizei bei Eins\u00e4tzen auf Klima- und Anti-Atom-Protesten. Ein weiterer Schwerpunkt waren die Atomtransporte durch M\u00fcnster. Am benachbarten B\u00fcro von Bundesumweltministerin Svenja Schulze stand der Kohleausstieg im Fokus.<\/p>\n","protected":false},"excerpt":{"rendered":"<p>Am Samstag demonstrierten rund 500 AktivistInnen im Rahmen der &#8222;M\u00fcnster Horror Climate Show&#8220; f\u00fcr mehr Klimagerechtigkeit. Veranstalter war das B\u00fcndnis Klimaalarm M\u00fcnster, an dem SOFA M\u00fcnster beteiligt ist. Dabei ging es u. a. um Kohle, Atom, Fleischindustrie, Verkehrswende, Fl\u00fcchtlingspolitik und internationale Solidarit\u00e4t mit Klima-AktivistInnen. 80 Leute demonstrierten dabei vor dem<span class=\"more-link\"><a href=\"https:\/\/sofa-ms.de\/?p=1966\">lies mehr<\/a><\/span><\/p>\n","protected":false},"author":3,"featured_media":0,"comment_status":"closed","ping_status":"closed","sticky":false,"template":"","format":"standard","meta":{"footnotes":""},"categories":[25,26,13,23],"tags":[],"class_list":["entry","author-red-sofa","post-1966","post","type-post","status-publish","format-standard","category-atommuell","category-castor","category-demos","category-klimaschutz"],"_links":{"self":[{"href":"https:\/\/sofa-ms.de\/index.php?rest_route=\/wp\/v2\/posts\/1966","targetHints":{"allow":["GET"]}}],"collection":[{"href":"https:\/\/sofa-ms.de\/index.php?rest_route=\/wp\/v2\/posts"}],"about":[{"href":"https:\/\/sofa-ms.de\/index.php?rest_route=\/wp\/v2\/types\/post"}],"author":[{"embeddable":true,"href":"https:\/\/sofa-ms.de\/index.php?rest_route=\/wp\/v2\/users\/3"}],"replies":[{"embeddable":true,"href":"https:\/\/sofa-ms.de\/index.php?rest_route=%2Fwp%2Fv2%2Fcomments&post=1966"}],"version-history":[{"count":3,"href":"https:\/\/sofa-ms.de\/index.php?rest_route=\/wp\/v2\/posts\/1966\/revisions"}],"predecessor-version":[{"id":1969,"href":"https:\/\/sofa-ms.de\/index.php?rest_route=\/wp\/v2\/posts\/1966\/revisions\/1969"}],"wp:attachment":[{"href":"https:\/\/sofa-ms.de\/index.php?rest_route=%2Fwp%2Fv2%2Fmedia&parent=1966"}],"wp:term":[{"taxonomy":"category","embeddable":true,"href":"https:\/\/sofa-ms.de\/index.php?rest_route=%2Fwp%2Fv2%2Fcategories&post=1966"},{"taxonomy":"post_tag","embeddable":true,"href":"https:\/\/sofa-ms.de\/index.php?rest_route=%2Fwp%2Fv2%2Ftags&post=1966"}],"curies":[{"name":"wp","href":"https:\/\/api.w.org\/{rel}","templated":true}]}}