{"id":2137,"date":"2021-06-14T13:53:38","date_gmt":"2021-06-14T13:53:38","guid":{"rendered":"https:\/\/sofa-ms.de\/?p=2137"},"modified":"2021-06-18T20:10:31","modified_gmt":"2021-06-18T20:10:31","slug":"demo-18-6-18-uhr-domplatz-ms-nrw-versammlungsgesetz-kippen-versammlungsfreiheit-ist-luft-zum-atmen","status":"publish","type":"post","link":"https:\/\/sofa-ms.de\/?p=2137","title":{"rendered":"400 in MS gegen NRW-Versammlungsgesetz &#8211; 26. Juni Gro\u00dfdemo D\u00fcsseldorf &#8211; Versammlungsfreiheit ist Luft zum Atmen"},"content":{"rendered":"<p>18. Juni: Die schwarz-gelbe NRW-Landesregierung will wom\u00f6glich noch vor der Sommerpause das neue, scharfe Versammlungsgesetz durch den Landtag bringen. Deshalb haben heute in M\u00fcnster rund 400 Leute demonstriert &#8211; die Landesregierung kommt mit ihrem repressiven Entwurf nicht durch, der das Versammlungsrecht in weiten Teilen unter Polizeirecht stellt! N\u00e4chsten Samstag, 26. Juni, startet um 13 Uhr vor der DGB-Haus, Friedrich-Ebert-Stra\u00dfe, in D\u00fcsseldorf eine landesweite Demo &#8211; Versammlungsfreiheit ist wie Luft zum Atmen!<\/p>\n<p>Deshalb geht jetzt auf die Stra\u00dfe, um die autorit\u00e4ren Pl\u00e4ne von Innenminister Reul zu stoppen &#8211; lasst uns gemeinsam elementare Grundrechte verteidigen!<\/p>\n<p>Weitere Infos zum Gesetzentwurf: <a href=\"https:\/\/www.nrw-versammlungsgesetz-stoppen.de\/\">https:\/\/www.nrw-versammlungsgesetz-stoppen.de\/<\/a><\/p>\n","protected":false},"excerpt":{"rendered":"<p>18. Juni: Die schwarz-gelbe NRW-Landesregierung will wom\u00f6glich noch vor der Sommerpause das neue, scharfe Versammlungsgesetz durch den Landtag bringen. Deshalb haben heute in M\u00fcnster rund 400 Leute demonstriert &#8211; die Landesregierung kommt mit ihrem repressiven Entwurf nicht durch, der das Versammlungsrecht in weiten Teilen unter Polizeirecht stellt! N\u00e4chsten Samstag, 26.<span class=\"more-link\"><a href=\"https:\/\/sofa-ms.de\/?p=2137\">lies mehr<\/a><\/span><\/p>\n","protected":false},"author":3,"featured_media":0,"comment_status":"closed","ping_status":"closed","sticky":false,"template":"","format":"standard","meta":{"footnotes":""},"categories":[5],"tags":[],"class_list":["entry","author-red-sofa","post-2137","post","type-post","status-publish","format-standard","category-aktuelles"],"_links":{"self":[{"href":"https:\/\/sofa-ms.de\/index.php?rest_route=\/wp\/v2\/posts\/2137","targetHints":{"allow":["GET"]}}],"collection":[{"href":"https:\/\/sofa-ms.de\/index.php?rest_route=\/wp\/v2\/posts"}],"about":[{"href":"https:\/\/sofa-ms.de\/index.php?rest_route=\/wp\/v2\/types\/post"}],"author":[{"embeddable":true,"href":"https:\/\/sofa-ms.de\/index.php?rest_route=\/wp\/v2\/users\/3"}],"replies":[{"embeddable":true,"href":"https:\/\/sofa-ms.de\/index.php?rest_route=%2Fwp%2Fv2%2Fcomments&post=2137"}],"version-history":[{"count":4,"href":"https:\/\/sofa-ms.de\/index.php?rest_route=\/wp\/v2\/posts\/2137\/revisions"}],"predecessor-version":[{"id":2142,"href":"https:\/\/sofa-ms.de\/index.php?rest_route=\/wp\/v2\/posts\/2137\/revisions\/2142"}],"wp:attachment":[{"href":"https:\/\/sofa-ms.de\/index.php?rest_route=%2Fwp%2Fv2%2Fmedia&parent=2137"}],"wp:term":[{"taxonomy":"category","embeddable":true,"href":"https:\/\/sofa-ms.de\/index.php?rest_route=%2Fwp%2Fv2%2Fcategories&post=2137"},{"taxonomy":"post_tag","embeddable":true,"href":"https:\/\/sofa-ms.de\/index.php?rest_route=%2Fwp%2Fv2%2Ftags&post=2137"}],"curies":[{"name":"wp","href":"https:\/\/api.w.org\/{rel}","templated":true}]}}