{"id":2144,"date":"2021-06-26T19:04:46","date_gmt":"2021-06-26T19:04:46","guid":{"rendered":"https:\/\/sofa-ms.de\/?p=2144"},"modified":"2021-06-26T23:28:04","modified_gmt":"2021-06-26T23:28:04","slug":"8000-in-duesseldorf-gegen-nrw-versammlungsgesetz-polizei-attackiert-demo-kessel-und-schlagstoecke","status":"publish","type":"post","link":"https:\/\/sofa-ms.de\/?p=2144","title":{"rendered":"8000 in D\u00fcsseldorf gegen NRW-Versammlungsgesetz &#8211; Polizei attackiert Demo &#8211; Kessel und Schlagst\u00f6cke"},"content":{"rendered":"<p>8000 Menschen aus unterschiedlichsten Zusammenh\u00e4ngen haben heute lautstark, durchgehend mit Masken und v\u00f6llig friedlich in D\u00fcsseldorf gegen das geplante, restriktive NRW-Versammlungsgesetz demonstriert &#8211; das passte offensichtlich nicht allen ins Konzept: Die Polizei provozierte und attackierte unterschiedlichste Teile der Demo, auch den starken Klimablock. Es gab Schlagstockeins\u00e4tze, unter anderem gegen JournalistInnen. Seit dem sp\u00e4ten Nachmittag gab es zudem einen Kessel mit mehreren hundert Leuten, nachdem die Polizei versuchte, einen ganzen Block von der Demo auszuschlie\u00dfen (u. a. weil sie ihre Corona-Schutzmasken trugen &#8211; das wurde pl\u00f6tzlich als &#8222;Vermummung&#8220; ausgelegt &#8230;). Das Vorgehen der Polizei wirkte gezielt und von oben koordiniert.<\/p>\n<p>Wir fordern deshalb den R\u00fccktritt von Innenminister Reul, der f\u00fcr diesen v\u00f6llig \u00fcberzogenen, rechtswidrigen und krassen Einsatz der Polizei die politische Verantwortung \u00fcbernehmen muss.<\/p>\n<p>Der Polizeieinsatz am Kessel in der D\u00fcsseldorfer Innenstadt endete erst kurz vor 23 Uhr mit zahllosen Personalienfeststellungen und Strafanzeigen, die Stimmung war aber trotzdem k\u00e4mpferisch und solidarisch. Und eins ist klar: Dies wird nicht die letzte Gro\u00dfdemo gegen das NRW-Versammlungsgesetz und die schwarzgelbe Landesregierung sein &#8211; jetzt erst recht!<\/p>\n<p>Aktuelle Infos zum Polizeikessel und zum NRW-Versammlungsgesetz unter:<\/p>\n<p><a href=\"https:\/\/www.nrw-versammlungsgesetz-stoppen.de\/\">https:\/\/www.nrw-versammlungsgesetz-stoppen.de<\/a><\/p>\n","protected":false},"excerpt":{"rendered":"<p>8000 Menschen aus unterschiedlichsten Zusammenh\u00e4ngen haben heute lautstark, durchgehend mit Masken und v\u00f6llig friedlich in D\u00fcsseldorf gegen das geplante, restriktive NRW-Versammlungsgesetz demonstriert &#8211; das passte offensichtlich nicht allen ins Konzept: Die Polizei provozierte und attackierte unterschiedlichste Teile der Demo, auch den starken Klimablock. Es gab Schlagstockeins\u00e4tze, unter anderem gegen JournalistInnen.<span class=\"more-link\"><a href=\"https:\/\/sofa-ms.de\/?p=2144\">lies mehr<\/a><\/span><\/p>\n","protected":false},"author":3,"featured_media":0,"comment_status":"closed","ping_status":"closed","sticky":false,"template":"","format":"standard","meta":{"footnotes":""},"categories":[5],"tags":[],"class_list":["entry","author-red-sofa","post-2144","post","type-post","status-publish","format-standard","category-aktuelles"],"_links":{"self":[{"href":"https:\/\/sofa-ms.de\/index.php?rest_route=\/wp\/v2\/posts\/2144","targetHints":{"allow":["GET"]}}],"collection":[{"href":"https:\/\/sofa-ms.de\/index.php?rest_route=\/wp\/v2\/posts"}],"about":[{"href":"https:\/\/sofa-ms.de\/index.php?rest_route=\/wp\/v2\/types\/post"}],"author":[{"embeddable":true,"href":"https:\/\/sofa-ms.de\/index.php?rest_route=\/wp\/v2\/users\/3"}],"replies":[{"embeddable":true,"href":"https:\/\/sofa-ms.de\/index.php?rest_route=%2Fwp%2Fv2%2Fcomments&post=2144"}],"version-history":[{"count":3,"href":"https:\/\/sofa-ms.de\/index.php?rest_route=\/wp\/v2\/posts\/2144\/revisions"}],"predecessor-version":[{"id":2147,"href":"https:\/\/sofa-ms.de\/index.php?rest_route=\/wp\/v2\/posts\/2144\/revisions\/2147"}],"wp:attachment":[{"href":"https:\/\/sofa-ms.de\/index.php?rest_route=%2Fwp%2Fv2%2Fmedia&parent=2144"}],"wp:term":[{"taxonomy":"category","embeddable":true,"href":"https:\/\/sofa-ms.de\/index.php?rest_route=%2Fwp%2Fv2%2Fcategories&post=2144"},{"taxonomy":"post_tag","embeddable":true,"href":"https:\/\/sofa-ms.de\/index.php?rest_route=%2Fwp%2Fv2%2Ftags&post=2144"}],"curies":[{"name":"wp","href":"https:\/\/api.w.org\/{rel}","templated":true}]}}