{"id":2150,"date":"2021-07-08T20:35:04","date_gmt":"2021-07-08T20:35:04","guid":{"rendered":"https:\/\/sofa-ms.de\/?p=2150"},"modified":"2021-07-08T20:35:04","modified_gmt":"2021-07-08T20:35:04","slug":"probe-sitzblockade-gegen-atommuelllager-in-wuergassen","status":"publish","type":"post","link":"https:\/\/sofa-ms.de\/?p=2150","title":{"rendered":"Probe-Sitzblockade gegen Atomm\u00fclllager in W\u00fcrgassen"},"content":{"rendered":"<p>Am 4. Juli haben in W\u00fcrgassen an der Weser rund 300 Leute an einer Probe-Sitzblockade auf den rostenden Gleisen f\u00fcr das ehemalige AKW teilgenommen. Sie wollten damit ihren Widerstand gegen die geplante Einrichtung eines bundesweit zentralen Atomm\u00fcll-Logistikzentrums f\u00fcr das gescheiterte und marode Endlager-Projekt Schacht Konrad bei Salzgitter.<\/p>\n<p>Die aktuelle Demo im Dreil\u00e4ndereck von NRW\/Niedersachsen\/Hessen reiht sich ein in eine inzwischen l\u00e4ngere Liste von Protestaktionen, mit der die B\u00fcrgerinitiativen vor Ort seit anderthalb Jahren Druck machen gegen das v\u00f6llig schwachsinnige und gef\u00e4hrliche Atomm\u00fcll-Projekt.<\/p>\n<p>Wir erkl\u00e4ren uns mit dem Protest an der Weser solidarisch und fordern von der Bundesregierung die Aufgabe der Atomm\u00fcll-Pl\u00e4ne f\u00fcr W\u00fcrgassen und Schacht Konrad!<\/p>\n<p>Wir unterst\u00fctzen auch die Aktion &#8222;Gameover Schacht Konrad&#8220;: <a title=\"https:\/\/www.ag-schacht-konrad.de\/gameover\/\" href=\"https:\/\/www.ag-schacht-konrad.de\/gameover\/\">https:\/\/www.ag-schacht-konrad.de\/gameover\/<\/a><\/p>\n","protected":false},"excerpt":{"rendered":"<p>Am 4. Juli haben in W\u00fcrgassen an der Weser rund 300 Leute an einer Probe-Sitzblockade auf den rostenden Gleisen f\u00fcr das ehemalige AKW teilgenommen. Sie wollten damit ihren Widerstand gegen die geplante Einrichtung eines bundesweit zentralen Atomm\u00fcll-Logistikzentrums f\u00fcr das gescheiterte und marode Endlager-Projekt Schacht Konrad bei Salzgitter. Die aktuelle Demo<span class=\"more-link\"><a href=\"https:\/\/sofa-ms.de\/?p=2150\">lies mehr<\/a><\/span><\/p>\n","protected":false},"author":3,"featured_media":0,"comment_status":"closed","ping_status":"closed","sticky":false,"template":"","format":"standard","meta":{"footnotes":""},"categories":[5],"tags":[],"class_list":["entry","author-red-sofa","post-2150","post","type-post","status-publish","format-standard","category-aktuelles"],"_links":{"self":[{"href":"https:\/\/sofa-ms.de\/index.php?rest_route=\/wp\/v2\/posts\/2150","targetHints":{"allow":["GET"]}}],"collection":[{"href":"https:\/\/sofa-ms.de\/index.php?rest_route=\/wp\/v2\/posts"}],"about":[{"href":"https:\/\/sofa-ms.de\/index.php?rest_route=\/wp\/v2\/types\/post"}],"author":[{"embeddable":true,"href":"https:\/\/sofa-ms.de\/index.php?rest_route=\/wp\/v2\/users\/3"}],"replies":[{"embeddable":true,"href":"https:\/\/sofa-ms.de\/index.php?rest_route=%2Fwp%2Fv2%2Fcomments&post=2150"}],"version-history":[{"count":1,"href":"https:\/\/sofa-ms.de\/index.php?rest_route=\/wp\/v2\/posts\/2150\/revisions"}],"predecessor-version":[{"id":2151,"href":"https:\/\/sofa-ms.de\/index.php?rest_route=\/wp\/v2\/posts\/2150\/revisions\/2151"}],"wp:attachment":[{"href":"https:\/\/sofa-ms.de\/index.php?rest_route=%2Fwp%2Fv2%2Fmedia&parent=2150"}],"wp:term":[{"taxonomy":"category","embeddable":true,"href":"https:\/\/sofa-ms.de\/index.php?rest_route=%2Fwp%2Fv2%2Fcategories&post=2150"},{"taxonomy":"post_tag","embeddable":true,"href":"https:\/\/sofa-ms.de\/index.php?rest_route=%2Fwp%2Fv2%2Ftags&post=2150"}],"curies":[{"name":"wp","href":"https:\/\/api.w.org\/{rel}","templated":true}]}}