{"id":2163,"date":"2021-07-13T19:19:53","date_gmt":"2021-07-13T19:19:53","guid":{"rendered":"https:\/\/sofa-ms.de\/?p=2163"},"modified":"2022-11-19T22:13:31","modified_gmt":"2022-11-19T22:13:31","slug":"bund-nrw-klagt-gegen-brennelementexporte-lingen-doel","status":"publish","type":"post","link":"https:\/\/sofa-ms.de\/?p=2163","title":{"rendered":"BUND NRW klagt gegen Brennelementexporte Lingen-Doel &#8211; Leck in Doel 2? &#8211; Hochwassergefahr f\u00fcr Tihange"},"content":{"rendered":"<p>Update 19.7.: Wir begr\u00fc\u00dfen, dass der BUND NRW vor dem Verwaltungsgericht Frankfurt Klage eingereicht hat gegen die gef\u00e4hrlichen und unserer Meinung nach rechtswidrigen Brennelementexporte von der Uranfabrik in Lingen zu den maroden AKW Doel an der Schelde bei Antwerpen. Zuvor hatte das f\u00fcr die Exportgenehmigungen zust\u00e4ndige Bundesamt f\u00fcr Wirtschaft und Ausfuhrkontrolle (BAFA) einen Widerspruch des BUND abgelehnt, mit der haarstr\u00e4ubenden Begr\u00fcndung, dass der Schutz von Mensch und Umwelt durch das Atomgesetz nicht erfasst werde und vom Uralt-AKW Doel 1 und 2 keine Gefahr f\u00fcr die Menschen in Deutschland ausgehe. Doel liegt gerade mal 120 km westlich von NRW. Und just letzte Woche musste Doel 2 vom Netz, weil der Verdacht auf ein Leck im nicht-nuklearen Teil besteht. Aber auch das kann zum GAU f\u00fchren, doch Doel 2 l\u00e4uft schon wieder.<\/p>\n<p>Das extreme Hochwasser an der Maas hat ebenfalls nicht zur wenigstens vor\u00fcbergehenden Abschaltung der AKW in Tihange gef\u00fchrt &#8211; das Umweltinstitut M\u00fcnchen hatte dies gefordert. Die Reaktorkatastrophe von Fukushima entwickelte sich schlie\u00dflich nach einer \u00dcberschwemmung. Doch f\u00fcr die belgische Regierung und den AKW-Betreiber Engie gelten die Naturgesetze offensichtlich nicht &#8211; das zeigt einmal mehr, wie unverantwortlich der AKW-Betrieb in Tihange und Doel ist! Wir fordern die sofortige Stilllegung der Reaktoren!<\/p>\n<p>Zur BUND-Klage: Die Argumentation des BAFA (vermutlich auf Weisung und\/oder Beratung des Bundeswirtschaftsministeriums) ist so abenteuerlich, dass die Klage des BUND notwendig ist. Im Winter waren Privatpersonen allerdings an den zust\u00e4ndigen Verwaltungsgerichten in Hessen gescheitert, weil die Individual-Klagerechte verneinten. Doch was n\u00fctzt ein Gesetz, wenn gegen klare Verst\u00f6\u00dfe angeblich niemand klagen darf? Das ist staats-konzentriertes Denken aus der Mottenkiste der Adenauer-Jahre.<\/p>\n<p>Hier die PM des BUND NRW im Wortlaut: <a href=\"https:\/\/www.bund-nrw.de\/presse\/detail\/news\/umweltrisiko-atomkraftwerk-bund-klagt-gegen-brennelemente-exporte\/\">https:\/\/www.bund-nrw.de\/presse\/detail\/news\/umweltrisiko-atomkraftwerk-bund-klagt-gegen-brennelemente-exporte\/<\/a><\/p>\n","protected":false},"excerpt":{"rendered":"<p>Update 19.7.: Wir begr\u00fc\u00dfen, dass der BUND NRW vor dem Verwaltungsgericht Frankfurt Klage eingereicht hat gegen die gef\u00e4hrlichen und unserer Meinung nach rechtswidrigen Brennelementexporte von der Uranfabrik in Lingen zu den maroden AKW Doel an der Schelde bei Antwerpen. Zuvor hatte das f\u00fcr die Exportgenehmigungen zust\u00e4ndige Bundesamt f\u00fcr Wirtschaft und<span class=\"more-link\"><a href=\"https:\/\/sofa-ms.de\/?p=2163\">lies mehr<\/a><\/span><\/p>\n","protected":false},"author":3,"featured_media":0,"comment_status":"closed","ping_status":"closed","sticky":false,"template":"","format":"standard","meta":{"footnotes":""},"categories":[5,14],"tags":[],"class_list":["entry","author-red-sofa","post-2163","post","type-post","status-publish","format-standard","category-aktuelles","category-tihange-doel"],"_links":{"self":[{"href":"https:\/\/sofa-ms.de\/index.php?rest_route=\/wp\/v2\/posts\/2163","targetHints":{"allow":["GET"]}}],"collection":[{"href":"https:\/\/sofa-ms.de\/index.php?rest_route=\/wp\/v2\/posts"}],"about":[{"href":"https:\/\/sofa-ms.de\/index.php?rest_route=\/wp\/v2\/types\/post"}],"author":[{"embeddable":true,"href":"https:\/\/sofa-ms.de\/index.php?rest_route=\/wp\/v2\/users\/3"}],"replies":[{"embeddable":true,"href":"https:\/\/sofa-ms.de\/index.php?rest_route=%2Fwp%2Fv2%2Fcomments&post=2163"}],"version-history":[{"count":4,"href":"https:\/\/sofa-ms.de\/index.php?rest_route=\/wp\/v2\/posts\/2163\/revisions"}],"predecessor-version":[{"id":2172,"href":"https:\/\/sofa-ms.de\/index.php?rest_route=\/wp\/v2\/posts\/2163\/revisions\/2172"}],"wp:attachment":[{"href":"https:\/\/sofa-ms.de\/index.php?rest_route=%2Fwp%2Fv2%2Fmedia&parent=2163"}],"wp:term":[{"taxonomy":"category","embeddable":true,"href":"https:\/\/sofa-ms.de\/index.php?rest_route=%2Fwp%2Fv2%2Fcategories&post=2163"},{"taxonomy":"post_tag","embeddable":true,"href":"https:\/\/sofa-ms.de\/index.php?rest_route=%2Fwp%2Fv2%2Ftags&post=2163"}],"curies":[{"name":"wp","href":"https:\/\/api.w.org\/{rel}","templated":true}]}}