{"id":2276,"date":"2021-12-16T08:10:22","date_gmt":"2021-12-16T08:10:22","guid":{"rendered":"https:\/\/sofa-ms.de\/?p=2276"},"modified":"2022-11-19T22:10:55","modified_gmt":"2022-11-19T22:10:55","slug":"wegweisende-resolution-im-stadtrat-muenster-keine-urantransporte-durch-die-stadt-uaa-gronau-stilllegen","status":"publish","type":"post","link":"https:\/\/sofa-ms.de\/?p=2276","title":{"rendered":"Wegweisende Resolution im Stadtrat M\u00fcnster: Keine Urantransporte durch die Stadt &#8211; UAA Gronau stilllegen"},"content":{"rendered":"<p>Der M\u00fcnsteraner Stadtrat hat am gestrigen Abend in Anwesenheit von Vladimir Slivyak, Ko-Vorsitzender der russischen Umweltorganisation Ecodefense und diesj\u00e4hriger Tr\u00e4ger des Alternativen Nobelpreises, in einer Resolution das Ende der Urantransporte durch M\u00fcnster gefordert. Davon betroffen w\u00e4ren insbesondere Uranm\u00fclltransporte von der Urananreicherungsanlage Gronau zur Endlagerung in der russischen Atomstadt Novouralsk.<\/p>\n<p>Der M\u00fcnsteraner Stadtrat fordert zudem ein Ende der Urananreicherung in Gronau sowie eine Entwidmung der eingleisigen Bahnstrecke zwischen Gronau und M\u00fcnster f\u00fcr den Transport radioaktiver Stoffe. Bundesweit ist es die erste kommunale Resolution dieser Art. Gr\u00fcne, SPD, Volt, Linke, \u00d6DP\/Die Partei\/Internationale stimmten daf\u00fcr, CDU, FDP und AfD dagegen.<\/p>\n<p>&#8222;Wir sind sehr erfreut, dass der M\u00fcnsteraner Stadtrat eine langj\u00e4hrige Forderung der russischen Umweltbewegung aufgreift und sich gegen weitere Transporte von Uranm\u00fcll von Gronau nach Russland ausspricht. Das gibt uns die Hoffnung, dass dieser schlimme Uran-Export nun gestoppt wird. Wir fordern von der neuen Bundesregierung, aber auch von Urenco, die Resolution aus M\u00fcnster zu respektieren und umzusetzen,&#8220; erkl\u00e4rte Vladimir Slivyak nach der Ratssitzung in M\u00fcnster.<\/p>\n<p>Unterst\u00fctzt wurde Ecodefense gestern Abend von Students for Future M\u00fcnster und SOFA M\u00fcnster &#8211; wir begr\u00fc\u00dfen die wegweisende Resolution nat\u00fcrlich ebenfalls!<\/p>\n","protected":false},"excerpt":{"rendered":"<p>Der M\u00fcnsteraner Stadtrat hat am gestrigen Abend in Anwesenheit von Vladimir Slivyak, Ko-Vorsitzender der russischen Umweltorganisation Ecodefense und diesj\u00e4hriger Tr\u00e4ger des Alternativen Nobelpreises, in einer Resolution das Ende der Urantransporte durch M\u00fcnster gefordert. Davon betroffen w\u00e4ren insbesondere Uranm\u00fclltransporte von der Urananreicherungsanlage Gronau zur Endlagerung in der russischen Atomstadt Novouralsk. Der<span class=\"more-link\"><a href=\"https:\/\/sofa-ms.de\/?p=2276\">lies mehr<\/a><\/span><\/p>\n","protected":false},"author":3,"featured_media":0,"comment_status":"closed","ping_status":"closed","sticky":false,"template":"","format":"standard","meta":{"footnotes":""},"categories":[5,7,12],"tags":[],"class_list":["entry","author-red-sofa","post-2276","post","type-post","status-publish","format-standard","category-aktuelles","category-gronau","category-urantransporte"],"_links":{"self":[{"href":"https:\/\/sofa-ms.de\/index.php?rest_route=\/wp\/v2\/posts\/2276","targetHints":{"allow":["GET"]}}],"collection":[{"href":"https:\/\/sofa-ms.de\/index.php?rest_route=\/wp\/v2\/posts"}],"about":[{"href":"https:\/\/sofa-ms.de\/index.php?rest_route=\/wp\/v2\/types\/post"}],"author":[{"embeddable":true,"href":"https:\/\/sofa-ms.de\/index.php?rest_route=\/wp\/v2\/users\/3"}],"replies":[{"embeddable":true,"href":"https:\/\/sofa-ms.de\/index.php?rest_route=%2Fwp%2Fv2%2Fcomments&post=2276"}],"version-history":[{"count":1,"href":"https:\/\/sofa-ms.de\/index.php?rest_route=\/wp\/v2\/posts\/2276\/revisions"}],"predecessor-version":[{"id":2277,"href":"https:\/\/sofa-ms.de\/index.php?rest_route=\/wp\/v2\/posts\/2276\/revisions\/2277"}],"wp:attachment":[{"href":"https:\/\/sofa-ms.de\/index.php?rest_route=%2Fwp%2Fv2%2Fmedia&parent=2276"}],"wp:term":[{"taxonomy":"category","embeddable":true,"href":"https:\/\/sofa-ms.de\/index.php?rest_route=%2Fwp%2Fv2%2Fcategories&post=2276"},{"taxonomy":"post_tag","embeddable":true,"href":"https:\/\/sofa-ms.de\/index.php?rest_route=%2Fwp%2Fv2%2Ftags&post=2276"}],"curies":[{"name":"wp","href":"https:\/\/api.w.org\/{rel}","templated":true}]}}