{"id":248,"date":"2017-01-08T23:22:58","date_gmt":"2017-01-08T23:22:58","guid":{"rendered":"https:\/\/sofa-ms.de\/?p=248"},"modified":"2017-01-10T22:43:49","modified_gmt":"2017-01-10T22:43:49","slug":"westcastoren-einlagerungsgenehmigung-fuer-ahaus-erteilt","status":"publish","type":"post","link":"https:\/\/sofa-ms.de\/?p=248","title":{"rendered":"Westcastoren \u2013 Einlagerungsgenehmigung f\u00fcr Ahaus erteilt"},"content":{"rendered":"<p>Archiv 25.07.16<\/p>\n<p>Am vergangenen Donnerstag erteilte das Bundesamt f\u00fcr Strahlenschutz die Einlagerungsgenehmigung f\u00fcr die 152 Westcastoren, die zur Zeit in J\u00fclich ohne Genehmigung im dortigen Zwischenlager stehen. Jetzt m\u00fcssen das Forschungszentrum J\u00fclich und die GNS (Betreiberin des Ahauser Atomm\u00fclllagers) nur noch die Transportgenehmigung beantragen und dann wird der Castor-Wahnsinn auf den NRW-Autobahnen starten. Bundes- und Landesregierung machen offenbar keine Anstalten, die sinnlosen Castortransporte zu verhindern und sich endlich um ein neues, sicheres Zwischenlager in J\u00fclich zu k\u00fcmmern.<!--more--> Die Option ein neues Zwischenlager in J\u00fclich zu bauen wurde wohl nie ernsthaft verfolgt und die Option 152 Westcastoren in die USA zu bringen war schon immer juristisch und fachlich eine Schnapsidee.<\/p>\n<p>Da wird die Aussage aus dem rot-gr\u00fcnen NRW-Koalitionsvertrag<span id=\"more-351\"><\/span>, dass die Westcastoren nur noch einmal in ein Zwischenlager transportiert werden sollen zur Farce. Ebenso das urspr\u00fcngliche Versprechen, dass Ahauser \u201eZwischen\u201clager bis 2036 zu r\u00e4umen \u2013 stattdessen wird es weiter gef\u00fcllt. Veralteten Sicherheitsstandards und fehlende Castor-Reparaturm\u00f6glichkeiten zum Trotz.<\/p>\n<p><strong>Das k\u00f6nnen wir so nicht hinnehmen und rufen zu Protesten gegen die sinnlose Atomm\u00fcllverschiebung quer durch NRW auf!<\/strong><\/p>\n<ul>\n<li><a href=\"http:\/\/www.bi-ahaus.de\/\" target=\"_blank\">Aktuelle PM der BI-Ahaus<\/a><\/li>\n<li><a href=\"https:\/\/www.ausgestrahlt.de\/mitmachen\/kampagnen\/kampagne-keine-castor-exporte\/\" target=\"_blank\">Hintergrundinfos von ausgestrahlt<\/a><\/li>\n<li><a href=\"http:\/\/westcastor.blogsport.de\/\" target=\"_blank\">Aktionsb\u00fcndnis Stop Westcastor J\u00fclich<\/a><\/li>\n<\/ul>\n","protected":false},"excerpt":{"rendered":"<p>Archiv 25.07.16 Am vergangenen Donnerstag erteilte das Bundesamt f\u00fcr Strahlenschutz die Einlagerungsgenehmigung f\u00fcr die 152 Westcastoren, die zur Zeit in J\u00fclich ohne Genehmigung im dortigen Zwischenlager stehen. Jetzt m\u00fcssen das Forschungszentrum J\u00fclich und die GNS (Betreiberin des Ahauser Atomm\u00fclllagers) nur noch die Transportgenehmigung beantragen und dann wird der Castor-Wahnsinn auf<span class=\"more-link\"><a href=\"https:\/\/sofa-ms.de\/?p=248\">lies mehr<\/a><\/span><\/p>\n","protected":false},"author":3,"featured_media":0,"comment_status":"closed","ping_status":"closed","sticky":false,"template":"","format":"standard","meta":{"footnotes":""},"categories":[6,10],"tags":[],"class_list":["entry","author-red-sofa","has-more-link","post-248","post","type-post","status-publish","format-standard","category-ahaus","category-juelich"],"_links":{"self":[{"href":"https:\/\/sofa-ms.de\/index.php?rest_route=\/wp\/v2\/posts\/248","targetHints":{"allow":["GET"]}}],"collection":[{"href":"https:\/\/sofa-ms.de\/index.php?rest_route=\/wp\/v2\/posts"}],"about":[{"href":"https:\/\/sofa-ms.de\/index.php?rest_route=\/wp\/v2\/types\/post"}],"author":[{"embeddable":true,"href":"https:\/\/sofa-ms.de\/index.php?rest_route=\/wp\/v2\/users\/3"}],"replies":[{"embeddable":true,"href":"https:\/\/sofa-ms.de\/index.php?rest_route=%2Fwp%2Fv2%2Fcomments&post=248"}],"version-history":[{"count":2,"href":"https:\/\/sofa-ms.de\/index.php?rest_route=\/wp\/v2\/posts\/248\/revisions"}],"predecessor-version":[{"id":288,"href":"https:\/\/sofa-ms.de\/index.php?rest_route=\/wp\/v2\/posts\/248\/revisions\/288"}],"wp:attachment":[{"href":"https:\/\/sofa-ms.de\/index.php?rest_route=%2Fwp%2Fv2%2Fmedia&parent=248"}],"wp:term":[{"taxonomy":"category","embeddable":true,"href":"https:\/\/sofa-ms.de\/index.php?rest_route=%2Fwp%2Fv2%2Fcategories&post=248"},{"taxonomy":"post_tag","embeddable":true,"href":"https:\/\/sofa-ms.de\/index.php?rest_route=%2Fwp%2Fv2%2Ftags&post=248"}],"curies":[{"name":"wp","href":"https:\/\/api.w.org\/{rel}","templated":true}]}}