{"id":2521,"date":"2022-10-01T16:00:59","date_gmt":"2022-10-01T16:00:59","guid":{"rendered":"https:\/\/sofa-ms.de\/?p=2521"},"modified":"2022-10-28T22:25:02","modified_gmt":"2022-10-28T22:25:02","slug":"1-oktober-anti-atom-und-energiewendedemo-in-lingen","status":"publish","type":"post","link":"https:\/\/sofa-ms.de\/?p=2521","title":{"rendered":"200 bei Anti-Atom- und Energiewendedemo Lingen &#8211; keine Laufzeitverl\u00e4ngerung &#8211; Uranfabriken schlie\u00dfen"},"content":{"rendered":"<p><img loading=\"lazy\" decoding=\"async\" class=\" wp-image-2536 alignleft\" src=\"https:\/\/sofa-ms.de\/wp-content\/uploads\/2022\/10\/Lingen-Demo-22-10-01a-300x143.jpg\" alt=\"\" width=\"243\" height=\"116\" srcset=\"https:\/\/sofa-ms.de\/wp-content\/uploads\/2022\/10\/Lingen-Demo-22-10-01a-300x143.jpg 300w, https:\/\/sofa-ms.de\/wp-content\/uploads\/2022\/10\/Lingen-Demo-22-10-01a-1024x487.jpg 1024w, https:\/\/sofa-ms.de\/wp-content\/uploads\/2022\/10\/Lingen-Demo-22-10-01a-768x365.jpg 768w, https:\/\/sofa-ms.de\/wp-content\/uploads\/2022\/10\/Lingen-Demo-22-10-01a-1536x730.jpg 1536w, https:\/\/sofa-ms.de\/wp-content\/uploads\/2022\/10\/Lingen-Demo-22-10-01a-2048x974.jpg 2048w, https:\/\/sofa-ms.de\/wp-content\/uploads\/2022\/10\/Lingen-Demo-22-10-01a-465x221.jpg 465w, https:\/\/sofa-ms.de\/wp-content\/uploads\/2022\/10\/Lingen-Demo-22-10-01a-695x330.jpg 695w\" sizes=\"auto, (max-width: 243px) 100vw, 243px\" \/>Heute demonstrierten rund 200 Leute im Wechsel von Starkregen und Sonnenschein auf der Anti-Atom- und Energiewendedemo in Lingen &#8211; gegen AKW-Laufzeitverl\u00e4ngerungen, gegen Uran-Gesch\u00e4fte mit Russland, f\u00fcr den sofortigen Atomausstieg und die Stilllegung der Brennelementefabrik Lingen und der Urananreicherungsanlagen Gronau und Almelo &#8211; und f\u00fcr den Turbo beim Ausbau der Erneuerbaren. Die Zeit f\u00fcr Atom, Kohle, Gas und \u00d6l ist abgelaufen. Die Versch\u00e4rfung der Klimakatastrophe ist eine der wesentlichen Ursachen f\u00fcr die jetzige Energiekrise.<img loading=\"lazy\" decoding=\"async\" class=\"wp-image-2539 alignleft\" src=\"https:\/\/sofa-ms.de\/wp-content\/uploads\/2022\/10\/Lingen-Demo-22-10-01c-166x300.jpg\" alt=\"\" width=\"134\" height=\"242\" srcset=\"https:\/\/sofa-ms.de\/wp-content\/uploads\/2022\/10\/Lingen-Demo-22-10-01c-166x300.jpg 166w, https:\/\/sofa-ms.de\/wp-content\/uploads\/2022\/10\/Lingen-Demo-22-10-01c-566x1024.jpg 566w, https:\/\/sofa-ms.de\/wp-content\/uploads\/2022\/10\/Lingen-Demo-22-10-01c-304x550.jpg 304w, https:\/\/sofa-ms.de\/wp-content\/uploads\/2022\/10\/Lingen-Demo-22-10-01c-276x500.jpg 276w, https:\/\/sofa-ms.de\/wp-content\/uploads\/2022\/10\/Lingen-Demo-22-10-01c.jpg 664w\" sizes=\"auto, (max-width: 134px) 100vw, 134px\" \/><img loading=\"lazy\" decoding=\"async\" class=\"size-medium wp-image-2537 alignnone\" src=\"https:\/\/sofa-ms.de\/wp-content\/uploads\/2022\/10\/Demo-22-10-01d-300x179.jpg\" alt=\"\" width=\"300\" height=\"179\" srcset=\"https:\/\/sofa-ms.de\/wp-content\/uploads\/2022\/10\/Demo-22-10-01d-300x179.jpg 300w, https:\/\/sofa-ms.de\/wp-content\/uploads\/2022\/10\/Demo-22-10-01d-1024x613.jpg 1024w, https:\/\/sofa-ms.de\/wp-content\/uploads\/2022\/10\/Demo-22-10-01d-768x459.jpg 768w, https:\/\/sofa-ms.de\/wp-content\/uploads\/2022\/10\/Demo-22-10-01d-1536x919.jpg 1536w, https:\/\/sofa-ms.de\/wp-content\/uploads\/2022\/10\/Demo-22-10-01d-2048x1225.jpg 2048w, https:\/\/sofa-ms.de\/wp-content\/uploads\/2022\/10\/Demo-22-10-01d-465x278.jpg 465w, https:\/\/sofa-ms.de\/wp-content\/uploads\/2022\/10\/Demo-22-10-01d-695x416.jpg 695w\" sizes=\"auto, (max-width: 300px) 100vw, 300px\" \/><\/p>\n<p>Auf der Demo sprachen RednerInnen aus der Region sowie von Fridays for Future, IPPNW, der AG Schacht Konrad, der BI L\u00fcchow-Dannenberg sowie aus den Niederlanden. Gru\u00dfworte kamen aus Belgien, Frankreich und von der in Russland verfolgten Umweltorganisation Ecodefense &#8211; das zeigt: Nicht nur die Atomindustrie ist international &#8211; auch der Widerstand ist grenz\u00fcberschreitend!<\/p>\n<p><img loading=\"lazy\" decoding=\"async\" class=\"size-medium wp-image-2538 alignleft\" src=\"https:\/\/sofa-ms.de\/wp-content\/uploads\/2022\/10\/Demo-Lingen-22-10-01e-201x300.jpg\" alt=\"\" width=\"201\" height=\"300\" srcset=\"https:\/\/sofa-ms.de\/wp-content\/uploads\/2022\/10\/Demo-Lingen-22-10-01e-201x300.jpg 201w, https:\/\/sofa-ms.de\/wp-content\/uploads\/2022\/10\/Demo-Lingen-22-10-01e-686x1024.jpg 686w, https:\/\/sofa-ms.de\/wp-content\/uploads\/2022\/10\/Demo-Lingen-22-10-01e-768x1146.jpg 768w, https:\/\/sofa-ms.de\/wp-content\/uploads\/2022\/10\/Demo-Lingen-22-10-01e-1030x1536.jpg 1030w, https:\/\/sofa-ms.de\/wp-content\/uploads\/2022\/10\/Demo-Lingen-22-10-01e-369x550.jpg 369w, https:\/\/sofa-ms.de\/wp-content\/uploads\/2022\/10\/Demo-Lingen-22-10-01e-335x500.jpg 335w, https:\/\/sofa-ms.de\/wp-content\/uploads\/2022\/10\/Demo-Lingen-22-10-01e.jpg 1342w\" sizes=\"auto, (max-width: 201px) 100vw, 201px\" \/>Eine Laufzeitverl\u00e4ngerung f\u00fcr st\u00f6ranf\u00e4llige AKW und die Reaktivierung der dreckigsten Kohlekraftwerke sind der v\u00f6llig falsche Weg aus der Energiekrise, weil er die Klimakatastrophe und die Energie-Abh\u00e4ngigkeiten versch\u00e4rft!<\/p>\n<p>Wenn wir schon fr\u00fchzeitig auf Erneuerbare gesetzt h\u00e4tten, w\u00e4ren wir heute nicht von Putins Uran, Gas, Kohle und \u00d6l abh\u00e4ngig &#8211; auch der ungebremste Braunkohleabbau ist v\u00f6llig inakzeptabel, weil er unser Klima als Lebensgrundlage zerst\u00f6rt. Alternde AKW mit Rissen und Lecks sind da keine Hilfe, sondern eine zus\u00e4tzliche Gefahr. Die Beispiel Frankreich zeigt, dass die Atomkraft am Ende ist &#8211; und niemand m\u00f6chte ernsthaft so wie die Ukraine aktuell in Putins nuklearer Geiselhaft leben.<\/p>\n<p><img loading=\"lazy\" decoding=\"async\" class=\"size-medium wp-image-2540 alignright\" src=\"https:\/\/sofa-ms.de\/wp-content\/uploads\/2022\/10\/Lingen-Demo-2022-10-01f-300x196.jpg\" alt=\"\" width=\"300\" height=\"196\" srcset=\"https:\/\/sofa-ms.de\/wp-content\/uploads\/2022\/10\/Lingen-Demo-2022-10-01f-300x196.jpg 300w, https:\/\/sofa-ms.de\/wp-content\/uploads\/2022\/10\/Lingen-Demo-2022-10-01f-1024x670.jpg 1024w, https:\/\/sofa-ms.de\/wp-content\/uploads\/2022\/10\/Lingen-Demo-2022-10-01f-768x502.jpg 768w, https:\/\/sofa-ms.de\/wp-content\/uploads\/2022\/10\/Lingen-Demo-2022-10-01f-1536x1004.jpg 1536w, https:\/\/sofa-ms.de\/wp-content\/uploads\/2022\/10\/Lingen-Demo-2022-10-01f-465x304.jpg 465w, https:\/\/sofa-ms.de\/wp-content\/uploads\/2022\/10\/Lingen-Demo-2022-10-01f-695x454.jpg 695w, https:\/\/sofa-ms.de\/wp-content\/uploads\/2022\/10\/Lingen-Demo-2022-10-01f.jpg 1800w\" sizes=\"auto, (max-width: 300px) 100vw, 300px\" \/>Das kann so nicht weitergehen &#8211; deshalb werden in den kommenden Wochen weiter auf der Stra\u00dfe sein!<\/p>\n<p>Den Demo-Aufruf findet ihr <a href=\"https:\/\/atomstadt-lingen.de\/2022\/09\/28\/1-10-2022-demo-in-lingen\/\" target=\"_blank\" rel=\"noopener\">hier.\u00a0<\/a><\/p>\n<p>Und hier noch ein aktueller Artikel des <a href=\"https:\/\/www.focus.de\/finanzen\/news\/staatlicher-konzern-rosatom-bei-atomkraft-machen-wir-weiter-geschaefte-mit-putin-und-sind-abhaengig_id_155854273.html\" target=\"_blank\" rel=\"noopener\">Focus<\/a> zu den Urangesch\u00e4ften mit Russland.<\/p>\n","protected":false},"excerpt":{"rendered":"<p>Heute demonstrierten rund 200 Leute im Wechsel von Starkregen und Sonnenschein auf der Anti-Atom- und Energiewendedemo in Lingen &#8211; gegen AKW-Laufzeitverl\u00e4ngerungen, gegen Uran-Gesch\u00e4fte mit Russland, f\u00fcr den sofortigen Atomausstieg und die Stilllegung der Brennelementefabrik Lingen und der Urananreicherungsanlagen Gronau und Almelo &#8211; und f\u00fcr den Turbo beim Ausbau der Erneuerbaren.<span class=\"more-link\"><a href=\"https:\/\/sofa-ms.de\/?p=2521\">lies mehr<\/a><\/span><\/p>\n","protected":false},"author":3,"featured_media":0,"comment_status":"closed","ping_status":"closed","sticky":false,"template":"","format":"standard","meta":{"footnotes":""},"categories":[5,9,8,13],"tags":[],"class_list":["entry","author-red-sofa","post-2521","post","type-post","status-publish","format-standard","category-aktuelles","category-akw-lingen","category-lingen","category-demos"],"_links":{"self":[{"href":"https:\/\/sofa-ms.de\/index.php?rest_route=\/wp\/v2\/posts\/2521","targetHints":{"allow":["GET"]}}],"collection":[{"href":"https:\/\/sofa-ms.de\/index.php?rest_route=\/wp\/v2\/posts"}],"about":[{"href":"https:\/\/sofa-ms.de\/index.php?rest_route=\/wp\/v2\/types\/post"}],"author":[{"embeddable":true,"href":"https:\/\/sofa-ms.de\/index.php?rest_route=\/wp\/v2\/users\/3"}],"replies":[{"embeddable":true,"href":"https:\/\/sofa-ms.de\/index.php?rest_route=%2Fwp%2Fv2%2Fcomments&post=2521"}],"version-history":[{"count":7,"href":"https:\/\/sofa-ms.de\/index.php?rest_route=\/wp\/v2\/posts\/2521\/revisions"}],"predecessor-version":[{"id":2541,"href":"https:\/\/sofa-ms.de\/index.php?rest_route=\/wp\/v2\/posts\/2521\/revisions\/2541"}],"wp:attachment":[{"href":"https:\/\/sofa-ms.de\/index.php?rest_route=%2Fwp%2Fv2%2Fmedia&parent=2521"}],"wp:term":[{"taxonomy":"category","embeddable":true,"href":"https:\/\/sofa-ms.de\/index.php?rest_route=%2Fwp%2Fv2%2Fcategories&post=2521"},{"taxonomy":"post_tag","embeddable":true,"href":"https:\/\/sofa-ms.de\/index.php?rest_route=%2Fwp%2Fv2%2Ftags&post=2521"}],"curies":[{"name":"wp","href":"https:\/\/api.w.org\/{rel}","templated":true}]}}