{"id":2547,"date":"2022-10-17T20:39:19","date_gmt":"2022-10-17T20:39:19","guid":{"rendered":"https:\/\/sofa-ms.de\/?p=2547"},"modified":"2022-10-28T22:24:31","modified_gmt":"2022-10-28T22:24:31","slug":"akw-laufzeitlaengerung-und-luetzi-abriss-parteien-auf-der-titanic","status":"publish","type":"post","link":"https:\/\/sofa-ms.de\/?p=2547","title":{"rendered":"AKW-Laufzeitverl\u00e4ngerung und L\u00fctzi-Abriss &#8211; Pokern auf der Titanic"},"content":{"rendered":"<p>SPD und Gr\u00fcne knicken vor der FDP ein und wollen nun auch das AKW Lingen wider alle Vernunft bis n\u00e4chsten April am Netz halten. Einen Tag zuvor knickte der gr\u00fcne Parteitag vor RWE ein und billigte trotz gefakter RWE-Zahlen den Abriss von L\u00fctzerath sowie das Anfahren von zwei alten Braunkohle-Klimakillern &#8211; was f\u00fcr ein Doppelschlag!<\/p>\n<p>Wer noch irgendeine Illusion hatte, wie Atom- und Klimapolitik der Pr\u00e4gung Ampel oder Schwarz-Gr\u00fcn oder irgendeiner anderen Konstellation derzeit aussieht, sollte sp\u00e4testens jetzt aufwachen. Die Politik hat die Titanic bestiegen und dampft mit voller Macht Richtung Eisberg.<\/p>\n<p>Und es zeigt sich heute ganz deutlich: Wer nur \u00fcber Atom und Kohle redet, tut halt nix f\u00fcr die Erneuerbaren. Dabei m\u00fcssen schon jetzt st\u00e4ndig Windr\u00e4der abgeregelt werden, weil Atom und Kohle die Netze verstopfen. Wir haben keine Stromkrise, sondern ein Strom\u00fcberangebot. RWE, EON, Uniper etc. sehen ihre einmalige Chance, die Erneuerbaren erneut vor die Wand zu fahren &#8211; mit Billigung der Ampel und kr\u00e4ftigem Schub aus den gr\u00fcnen &#8222;Klima&#8220;-Ministerien in Berlin und D\u00fcsseldorf.<\/p>\n<p>Wer sich nochmal klarmachen will, was hier falsch l\u00e4uft, sollte sich die sehr gute Rede von Luisa Neubauer auf dem gr\u00fcnen Parteitag bei You Tube anschauen. Aber die Antwort der Gr\u00fcnen war auch klar: Super, dass du da bist Luisa, aber wir sind halt die &#8222;Erwachsenen&#8220; und m\u00fcssen leider, leider genau das Gegenteil machen. Eine echte Lehrstunde, warum wir aus der Klimakatastrophe einfach nicht rauskommen.<\/p>\n","protected":false},"excerpt":{"rendered":"<p>SPD und Gr\u00fcne knicken vor der FDP ein und wollen nun auch das AKW Lingen wider alle Vernunft bis n\u00e4chsten April am Netz halten. Einen Tag zuvor knickte der gr\u00fcne Parteitag vor RWE ein und billigte trotz gefakter RWE-Zahlen den Abriss von L\u00fctzerath sowie das Anfahren von zwei alten Braunkohle-Klimakillern<span class=\"more-link\"><a href=\"https:\/\/sofa-ms.de\/?p=2547\">lies mehr<\/a><\/span><\/p>\n","protected":false},"author":3,"featured_media":0,"comment_status":"closed","ping_status":"closed","sticky":false,"template":"","format":"standard","meta":{"footnotes":""},"categories":[5,9,8,23],"tags":[],"class_list":["entry","author-red-sofa","post-2547","post","type-post","status-publish","format-standard","category-aktuelles","category-akw-lingen","category-lingen","category-klimaschutz"],"_links":{"self":[{"href":"https:\/\/sofa-ms.de\/index.php?rest_route=\/wp\/v2\/posts\/2547","targetHints":{"allow":["GET"]}}],"collection":[{"href":"https:\/\/sofa-ms.de\/index.php?rest_route=\/wp\/v2\/posts"}],"about":[{"href":"https:\/\/sofa-ms.de\/index.php?rest_route=\/wp\/v2\/types\/post"}],"author":[{"embeddable":true,"href":"https:\/\/sofa-ms.de\/index.php?rest_route=\/wp\/v2\/users\/3"}],"replies":[{"embeddable":true,"href":"https:\/\/sofa-ms.de\/index.php?rest_route=%2Fwp%2Fv2%2Fcomments&post=2547"}],"version-history":[{"count":3,"href":"https:\/\/sofa-ms.de\/index.php?rest_route=\/wp\/v2\/posts\/2547\/revisions"}],"predecessor-version":[{"id":2550,"href":"https:\/\/sofa-ms.de\/index.php?rest_route=\/wp\/v2\/posts\/2547\/revisions\/2550"}],"wp:attachment":[{"href":"https:\/\/sofa-ms.de\/index.php?rest_route=%2Fwp%2Fv2%2Fmedia&parent=2547"}],"wp:term":[{"taxonomy":"category","embeddable":true,"href":"https:\/\/sofa-ms.de\/index.php?rest_route=%2Fwp%2Fv2%2Fcategories&post=2547"},{"taxonomy":"post_tag","embeddable":true,"href":"https:\/\/sofa-ms.de\/index.php?rest_route=%2Fwp%2Fv2%2Ftags&post=2547"}],"curies":[{"name":"wp","href":"https:\/\/api.w.org\/{rel}","templated":true}]}}