{"id":2636,"date":"2023-01-22T13:00:45","date_gmt":"2023-01-22T13:00:45","guid":{"rendered":"https:\/\/sofa-ms.de\/?p=2636"},"modified":"2023-04-21T21:30:50","modified_gmt":"2023-04-21T21:30:50","slug":"21-januar-13-uhr-kundgebung-akw-lingen-rwe-und-framatome-die-rote-karte-zeigen-energiewende-jetzt","status":"publish","type":"post","link":"https:\/\/sofa-ms.de\/?p=2636","title":{"rendered":"Kundgebung AKW Lingen &#8211; RWE und Framatome die rote Karte zeigen &#8211; Energiewende jetzt!"},"content":{"rendered":"<p>UPDATE: Ca. 150 Menschen protestierten am Samstag vor dem AKW in Lingen &#8211; und n\u00e4chstes Wochenende, 28.\/29.1., gibt es dort von der Kampagne &#8222;Runterfahren&#8220; eine &#8222;Warnblockade&#8220;. Alle Infos: www.runterfahren.org<\/p>\n<p>RWE hat viele Gesichter: In L\u00fctzi r\u00e4umt der Energieriese ein Dorf f\u00fcr Kohle, in Lingen betreibt RWE noch immer ein AKW, in Gronau und Almelo\/NL verdient RWE an der Urananreicherung und in Borssele ist RWE am einzigen niederl\u00e4ndischen AKW beteiligt. RWE macht weiter Geld mit dreckiger Kohle und strahlender Atomkraft.<\/p>\n<p>In Lingen produziert zudem der franz\u00f6sische Staatskonzern Framatome Brennelemente und macht dabei trotz des v\u00f6lkerrechtswidrigen russischen Einmarsches in die Ukraine kumpelhaft fette Atomgesch\u00e4fte mit dem Kreml-Konzern Rosatom &#8211; und die Bundesregierung schaut einfach zu. Jetzt will Framatome mit der Hilfe von Rosatom eine gro\u00dfe atomare Ostexpansion hinlegen und &#8222;russische&#8220; Brennelemente bauen &#8211; und daf\u00fcr die Uranfabrik in Lingen noch ausbauen.<\/p>\n<p>Das ist kein Atomausstieg, sondern das genaue Gegenteil!<\/p>\n<p>Deshalb rufen wir f\u00fcr diesen Samstag, 21. Januar, 13 Uhr, zur Kundgebung vor dem RWE-AKW in Lingen auf. Dabei wollen wir auch Solidarit\u00e4t mit den Klima-Initiativen rund um L\u00fctzerath zeigen &#8211; dort werden die vertraglich fixierten deutschen Selbstverpflichtungen f\u00fcr das Pariser Klimaschutzabkommen einfach weggebaggert!<\/p>\n<p>Anreise ist am Samstag um 12 Uhr ab Lingen Bahnhof mit einer Raddemo\u00a0 zum AKW &#8211; oder aber vom Bahnhof mit einem Shuttle-Bus. Bitte meldet euch daf\u00fcr vorab beim Lingener B\u00fcndnis AgiEL: buendnis.agiel@posteo.de<\/p>\n<p>Alle Infos zur Demo: https:\/\/atomstadt-lingen.de\/aktuelles<\/p>\n<p>Auf nach Lingen &#8211; Atom- und Kohleausstieg jetzt &#8211; keine Atomgesch\u00e4fte mit dem Kreml &#8211; Tempo machen f\u00fcr die Energiewende!<\/p>\n<p>&nbsp;<\/p>\n","protected":false},"excerpt":{"rendered":"<p>UPDATE: Ca. 150 Menschen protestierten am Samstag vor dem AKW in Lingen &#8211; und n\u00e4chstes Wochenende, 28.\/29.1., gibt es dort von der Kampagne &#8222;Runterfahren&#8220; eine &#8222;Warnblockade&#8220;. Alle Infos: www.runterfahren.org RWE hat viele Gesichter: In L\u00fctzi r\u00e4umt der Energieriese ein Dorf f\u00fcr Kohle, in Lingen betreibt RWE noch immer ein AKW,<span class=\"more-link\"><a href=\"https:\/\/sofa-ms.de\/?p=2636\">lies mehr<\/a><\/span><\/p>\n","protected":false},"author":3,"featured_media":0,"comment_status":"closed","ping_status":"closed","sticky":false,"template":"","format":"standard","meta":{"footnotes":""},"categories":[5,9,8,28],"tags":[],"class_list":["entry","author-red-sofa","post-2636","post","type-post","status-publish","format-standard","category-aktuelles","category-akw-lingen","category-lingen","category-rosatom"],"_links":{"self":[{"href":"https:\/\/sofa-ms.de\/index.php?rest_route=\/wp\/v2\/posts\/2636","targetHints":{"allow":["GET"]}}],"collection":[{"href":"https:\/\/sofa-ms.de\/index.php?rest_route=\/wp\/v2\/posts"}],"about":[{"href":"https:\/\/sofa-ms.de\/index.php?rest_route=\/wp\/v2\/types\/post"}],"author":[{"embeddable":true,"href":"https:\/\/sofa-ms.de\/index.php?rest_route=\/wp\/v2\/users\/3"}],"replies":[{"embeddable":true,"href":"https:\/\/sofa-ms.de\/index.php?rest_route=%2Fwp%2Fv2%2Fcomments&post=2636"}],"version-history":[{"count":6,"href":"https:\/\/sofa-ms.de\/index.php?rest_route=\/wp\/v2\/posts\/2636\/revisions"}],"predecessor-version":[{"id":2645,"href":"https:\/\/sofa-ms.de\/index.php?rest_route=\/wp\/v2\/posts\/2636\/revisions\/2645"}],"wp:attachment":[{"href":"https:\/\/sofa-ms.de\/index.php?rest_route=%2Fwp%2Fv2%2Fmedia&parent=2636"}],"wp:term":[{"taxonomy":"category","embeddable":true,"href":"https:\/\/sofa-ms.de\/index.php?rest_route=%2Fwp%2Fv2%2Fcategories&post=2636"},{"taxonomy":"post_tag","embeddable":true,"href":"https:\/\/sofa-ms.de\/index.php?rest_route=%2Fwp%2Fv2%2Ftags&post=2636"}],"curies":[{"name":"wp","href":"https:\/\/api.w.org\/{rel}","templated":true}]}}