{"id":2765,"date":"2023-08-21T08:28:02","date_gmt":"2023-08-21T08:28:02","guid":{"rendered":"https:\/\/sofa-ms.de\/?p=2765"},"modified":"2023-08-21T09:36:23","modified_gmt":"2023-08-21T09:36:23","slug":"westcastoren-aus-juelich-stoppen-kundgebung-in-ahaus","status":"publish","type":"post","link":"https:\/\/sofa-ms.de\/?p=2765","title":{"rendered":"Kundgebung gegen Westcastoren J\u00fclich-Ahaus! Neues B\u00fcndnis gegr\u00fcndet!"},"content":{"rendered":"<div style=\"width: 1380px;\" class=\"wp-video\"><video class=\"wp-video-shortcode\" id=\"video-2765-1\" width=\"1380\" height=\"700\" preload=\"metadata\" controls=\"controls\"><source type=\"video\/mp4\" src=\"https:\/\/sofa-ms.de\/wp-content\/uploads\/2023\/08\/Ahaus-2023-08-20.mp4?_=1\" \/><a href=\"https:\/\/sofa-ms.de\/wp-content\/uploads\/2023\/08\/Ahaus-2023-08-20.mp4\">https:\/\/sofa-ms.de\/wp-content\/uploads\/2023\/08\/Ahaus-2023-08-20.mp4<\/a><\/video><\/div>\n<p>Rund 100 Leute haben am 20. August gemeinsam mit der <a href=\"https:\/\/www.bi-ahaus.de\/\" target=\"_blank\" rel=\"noopener\">BI Ahaus<\/a>, dem Aktionsb\u00fcndnis M\u00fcnsterland gegen Atomanlagen sowie dem Aktionsb\u00fcndnis &#8222;Stop Westcastor&#8220; J\u00fclich in der Ahauser Innenstadt gegen die geplanten Castor-Transporte von J\u00fclich nach Ahaus demonstriert. Zuvor gr\u00fcndeten mehrere Initiativen und Umweltverb\u00e4nde aus dem Rheinland, dem Ruhrgebiet, dem M\u00fcnsterland und dem Emsland das neue &#8222;B\u00fcndnis gegen Castor-Transporte J\u00fclich-Ahaus&#8220;. Auch wurden weitere Aktionstermine festgelegt, darunter Proteste gegen die n\u00e4chste Castor-Testfahrt im Oktober und die au\u00dferordentliche Landeskonferenz der Anti-Atom-Inis in NRW am 16. September von 13-18 Uhr in Ahaus. Denn:<\/p>\n<p>Das Forschungszentrum J\u00fclich (FZJ) und seine nukleare Entsorgungsgesellschaft (JEN) wollen ihren Atomm\u00fcll nach Ahaus bringen. Es geht um ca. 300 000 abgebrannte Kugelbrennelemente (Kugel-BE) aus dem stillgelegten Versuchsreaktor AVR. Diese befinden sich in 152 Castor-Beh\u00e4ltern. Ab 2024 sollen dann also 152 Stra\u00dfen-Transporte von J\u00fclich nach Ahaus stattfinden. Eine Testfahrt ohne Beh\u00e4lter hat bereits stattgefunden.<\/p>\n<p>FZJ und JEN erwarten noch in diesem Jahr die Transportgenehmigung und wollen dann schnellstm\u00f6glich mit dem Abtransport nach Ahaus beginnen,<\/p>\n<p><strong>obwohl<\/strong><\/p>\n<ul>\n<li>die Kugel-BE aus J\u00fclich nicht endlagerf\u00e4hig sind, sondern vorher abgereichert und konditioniert werden m\u00fcssen,<\/li>\n<li>das Verfahren daf\u00fcr erst noch entwickelt werden muss, wof\u00fcr JEN und FZJ allein verantwortlich sind,<\/li>\n<li>weder Entwicklung noch Durchf\u00fchrung dieses Verfahrens in Ahaus m\u00f6glich sind, aus technischen wie auch rechtlichen Gr\u00fcnden,<\/li>\n<li>demzufolge irgendwann erneut 152 Transporte zur\u00fcck nach J\u00fclich oder an einen anderen Ort n\u00f6tig w\u00e4ren,<\/li>\n<li>die NRW-Landesregierung laut Koalitionsvertrag gegen den Transport nach Ahaus und f\u00fcr einen Lagerneubau in J\u00fclich ist,<\/li>\n<li>die Landesregierung f\u00fcr den Erwerb eines Grundst\u00fccks in J\u00fclich die finanziellen Mittel im Landeshaushalt 2023 zur Verf\u00fcgung gestellt hat,<\/li>\n<li>auch die Genehmigung des Ahauser Castorlagers 2036 ausl\u00e4uft<\/li>\n<li>die Stadt Ahaus laut einstimmigen Ratsbeschluss gegen die Verbringung des J\u00fclicher Atomm\u00fclls nach Ahaus ist,<\/li>\n<li>Klagen der Stadt Ahaus und eines B\u00fcrgers gegen die Einlagerung des J\u00fclicher Atomm\u00fclls in Ahaus eingereicht worden sind,<\/li>\n<li>sogar der B\u00fcrgermeister von J\u00fclich daf\u00fcr ist, dass die Kugel-BE in J\u00fclich bleiben!<\/li>\n<\/ul>\n<p style=\"text-align: center;\"><strong>Wir sagen: Atomm\u00fcll-Verschiebung ist keine Entsorgung!<\/strong><\/p>\n<p style=\"text-align: center;\"><strong>Atomm\u00fcll aus J\u00fclich? Nicht mit uns \u2013 wir stellen uns quer!<\/strong><\/p>\n","protected":false},"excerpt":{"rendered":"<p>Rund 100 Leute haben am 20. August gemeinsam mit der BI Ahaus, dem Aktionsb\u00fcndnis M\u00fcnsterland gegen Atomanlagen sowie dem Aktionsb\u00fcndnis &#8222;Stop Westcastor&#8220; J\u00fclich in der Ahauser Innenstadt gegen die geplanten Castor-Transporte von J\u00fclich nach Ahaus demonstriert. Zuvor gr\u00fcndeten mehrere Initiativen und Umweltverb\u00e4nde aus dem Rheinland, dem Ruhrgebiet, dem M\u00fcnsterland und<span class=\"more-link\"><a href=\"https:\/\/sofa-ms.de\/?p=2765\">lies mehr<\/a><\/span><\/p>\n","protected":false},"author":3,"featured_media":0,"comment_status":"closed","ping_status":"closed","sticky":false,"template":"","format":"standard","meta":{"footnotes":""},"categories":[6,5,25,26,13,10],"tags":[],"class_list":["entry","author-red-sofa","post-2765","post","type-post","status-publish","format-standard","category-ahaus","category-aktuelles","category-atommuell","category-castor","category-demos","category-juelich"],"_links":{"self":[{"href":"https:\/\/sofa-ms.de\/index.php?rest_route=\/wp\/v2\/posts\/2765","targetHints":{"allow":["GET"]}}],"collection":[{"href":"https:\/\/sofa-ms.de\/index.php?rest_route=\/wp\/v2\/posts"}],"about":[{"href":"https:\/\/sofa-ms.de\/index.php?rest_route=\/wp\/v2\/types\/post"}],"author":[{"embeddable":true,"href":"https:\/\/sofa-ms.de\/index.php?rest_route=\/wp\/v2\/users\/3"}],"replies":[{"embeddable":true,"href":"https:\/\/sofa-ms.de\/index.php?rest_route=%2Fwp%2Fv2%2Fcomments&post=2765"}],"version-history":[{"count":7,"href":"https:\/\/sofa-ms.de\/index.php?rest_route=\/wp\/v2\/posts\/2765\/revisions"}],"predecessor-version":[{"id":2774,"href":"https:\/\/sofa-ms.de\/index.php?rest_route=\/wp\/v2\/posts\/2765\/revisions\/2774"}],"wp:attachment":[{"href":"https:\/\/sofa-ms.de\/index.php?rest_route=%2Fwp%2Fv2%2Fmedia&parent=2765"}],"wp:term":[{"taxonomy":"category","embeddable":true,"href":"https:\/\/sofa-ms.de\/index.php?rest_route=%2Fwp%2Fv2%2Fcategories&post=2765"},{"taxonomy":"post_tag","embeddable":true,"href":"https:\/\/sofa-ms.de\/index.php?rest_route=%2Fwp%2Fv2%2Ftags&post=2765"}],"curies":[{"name":"wp","href":"https:\/\/api.w.org\/{rel}","templated":true}]}}