{"id":2829,"date":"2023-11-02T23:12:42","date_gmt":"2023-11-02T23:12:42","guid":{"rendered":"https:\/\/sofa-ms.de\/?p=2829"},"modified":"2023-11-04T19:55:00","modified_gmt":"2023-11-04T19:55:00","slug":"wende-im-castor-streit-keine-erdbebengefahr-mehr-fuer-juelicher-castorlager","status":"publish","type":"post","link":"https:\/\/sofa-ms.de\/?p=2829","title":{"rendered":"Wende im Castor-Streit? Neubaur und BASE: Keine Erdbebengefahr mehr f\u00fcr J\u00fclicher Castorlager"},"content":{"rendered":"<p><strong>Landesregierung k\u00f6nnte R\u00e4umungsanordnung nun aufheben<\/strong><\/p>\n<p><strong>Montag, 6.11., Proteste in J\u00fclich u. Ahaus gegen Castor-Probetransport<\/strong><\/p>\n<p>Bei einem Gespr\u00e4ch mit Anti-Atomkraft-Initiativen und Umweltverb\u00e4nden teilte NRW-Wirtschaftsministerin Mona Neubaur mit, dass in Bezug auf die Lagerung der 152 Castorbeh\u00e4lter mit 300 000 hochradioaktiven Brennelementen im J\u00fclicher Zwischenlager der Punkt Erdbebengefahr als Verfahrenshindernis anscheinend ausger\u00e4umt werden konnte. Das hatte zuvor auch das Bundesamt f\u00fcr die Sicherheit der nuklearen Entsorgung (BASE) mitgeteilt. Damit entf\u00e4llt der Hauptgrund, warum 2014 die unverz\u00fcgliche R\u00e4umung des J\u00fclicher Zwischenlagers angeordnet worden war. Die Anordnung durch die NRW-Atomaufsicht diente vor allem als vorrangiges Argument f\u00fcr den Abtransport der 152 Castoren von J\u00fclich nach Ahaus. Diese gef\u00e4hrlichen Castor-Transporte quer durch NRW haben nun noch weniger als bisher eine Berechtigung. Nach Ansicht der Anti-Atomkraft-Initiativen kann die zust\u00e4ndige NRW- Wirtschaftsministerin Mona Neubaur nunmehr die bisherige R\u00e4umungsanordnung aufheben und sich stattdessen ganz auf den Neubau eines Castor-Lagers in J\u00fclich konzentrieren.<\/p>\n<p>Die Gutachten zeigen, dass eine kurzfristige Ert\u00fcchtigung des bestehenden J\u00fclicher Castor-Lagers und eine langfristige Lagerung in einem m\u00f6glichst sicheren Zwischenlager-Neubau m\u00f6glich sind. Unklar ist allerdings noch, wie weit der Genehmigungs-Prozess f\u00fcr den kurzfristigen Weiterbetrieb des J\u00fclicher Zwischenlagers vorangeschritten ist, welche weiteren Unterlagen immer noch nicht von der J\u00fclicher Gesellschaft f\u00fcr Entsorgung von Nuklearanlagen (JEN) eingereicht wurden.<\/p>\n<p>Die JEN ist nur auf den widersinnigen und gef\u00e4hrlichen Abtransport der Castoren nach Ahaus fokussiert ist. Der Neubau eines Zwischenlagers in J\u00fclich wird seit \u00fcber 10 Jahren hintertrieben und verz\u00f6gert. Die Verantwortung f\u00fcr die langfristige Lagerung und Vorbereitung des Atomm\u00fclls f\u00fcr die Endlagerung muss bei den Verursachern in J\u00fclich verbleiben! Deshalb gehen wir am kommenden Montag um 17 Uhr in Ahaus und um 19 Uhr in J\u00fclich erneut mit Mahnwachen auf die Stra\u00dfe.<\/p>\n<p>Wie das BASE der Anti-Atomkraft-Organisation .ausgestrahlt vergangene Woche auf Anfrage mitteilte, ist man bereits 2022 zu der Erkenntnis gekommen, dass die Erdbebensicherheit entgegen fr\u00fcherer Annahmen doch gegeben sei. Es ist schier unglaublich mit welcher unverantwortlichen Verschleppungstaktik die JEN seit \u00fcber zehn Jahren die sichere Lagerung ihres Atomm\u00fclls boykottiert. Das alles passiert unter den Augen zweier Bundesministerien und eines NRW-Landesministeriums, die Teil des dortigen Aufsichtsrates sind. Selbst nach der Mitteilung des BASE an die JEN 2022, dass die Erdbebensicherheit wohl doch gegeben ist, arbeitet die JEN nicht ausreichend daran, den genehmigungslosen Zustand des bestehenden Zwischenlagers zu beenden. Immer noch fehlen der BASE angemahnte Unterlagen von der JEN. Die NRW-Landesregierung muss dringend Verantwortung im Aufsichtsrat \u00fcbernehmen, nicht zuletzt um die Aussagen ihres Koalitionsvertrages zur Verhinderung unn\u00f6tiger Atomm\u00fcll-Transporte zu erf\u00fcllen. Ihrer Aufsichtsrolle gerecht werden m\u00fcssen auch die drei Bundesministerien, f\u00fcr Umwelt, f\u00fcr Finanzen und f\u00fcr Forschung, die die Option der weiteren Lagerung in J\u00fclich bislang beharrlich ignorieren.<\/p>\n<p>Es muss hier endlich um langfristige, maximale Sicherheit f\u00fcr den hochbrisanten Atomm\u00fcll gehen \u2013 denn auch das Ahauser Zwischenlager hat nur eine Genehmigung bis 2036 und entspricht nicht mehr dem Stand von Wissenschaft und Technik! Castortransporte nach Ahaus f\u00fchren also zu einem \u00e4hnlichen Desaster wie jetzt in J\u00fclich.<\/p>\n<p>Die Mahnwachen in J\u00fclich und Ahaus finden am kommenden Montag, 6. November, um 19 Uhr vor dem Forschungszentrum in J\u00fclich und um 17 Uhr am Kreisverkehr Legdener Str.\/Schumacher-Ring (b. Tobit) in Ahaus statt. Anlass ist der ab dem 6. November angek\u00fcndigte 2. Probe-Castortransport von J\u00fclich nach Ahaus mit einem kompletten Leer-Castor.<\/p>\n","protected":false},"excerpt":{"rendered":"<p>Landesregierung k\u00f6nnte R\u00e4umungsanordnung nun aufheben Montag, 6.11., Proteste in J\u00fclich u. Ahaus gegen Castor-Probetransport Bei einem Gespr\u00e4ch mit Anti-Atomkraft-Initiativen und Umweltverb\u00e4nden teilte NRW-Wirtschaftsministerin Mona Neubaur mit, dass in Bezug auf die Lagerung der 152 Castorbeh\u00e4lter mit 300 000 hochradioaktiven Brennelementen im J\u00fclicher Zwischenlager der Punkt Erdbebengefahr als Verfahrenshindernis anscheinend ausger\u00e4umt<span class=\"more-link\"><a href=\"https:\/\/sofa-ms.de\/?p=2829\">lies mehr<\/a><\/span><\/p>\n","protected":false},"author":3,"featured_media":0,"comment_status":"closed","ping_status":"closed","sticky":false,"template":"","format":"standard","meta":{"footnotes":""},"categories":[6,5,25,26,13,10],"tags":[],"class_list":["entry","author-red-sofa","post-2829","post","type-post","status-publish","format-standard","category-ahaus","category-aktuelles","category-atommuell","category-castor","category-demos","category-juelich"],"_links":{"self":[{"href":"https:\/\/sofa-ms.de\/index.php?rest_route=\/wp\/v2\/posts\/2829","targetHints":{"allow":["GET"]}}],"collection":[{"href":"https:\/\/sofa-ms.de\/index.php?rest_route=\/wp\/v2\/posts"}],"about":[{"href":"https:\/\/sofa-ms.de\/index.php?rest_route=\/wp\/v2\/types\/post"}],"author":[{"embeddable":true,"href":"https:\/\/sofa-ms.de\/index.php?rest_route=\/wp\/v2\/users\/3"}],"replies":[{"embeddable":true,"href":"https:\/\/sofa-ms.de\/index.php?rest_route=%2Fwp%2Fv2%2Fcomments&post=2829"}],"version-history":[{"count":2,"href":"https:\/\/sofa-ms.de\/index.php?rest_route=\/wp\/v2\/posts\/2829\/revisions"}],"predecessor-version":[{"id":2831,"href":"https:\/\/sofa-ms.de\/index.php?rest_route=\/wp\/v2\/posts\/2829\/revisions\/2831"}],"wp:attachment":[{"href":"https:\/\/sofa-ms.de\/index.php?rest_route=%2Fwp%2Fv2%2Fmedia&parent=2829"}],"wp:term":[{"taxonomy":"category","embeddable":true,"href":"https:\/\/sofa-ms.de\/index.php?rest_route=%2Fwp%2Fv2%2Fcategories&post=2829"},{"taxonomy":"post_tag","embeddable":true,"href":"https:\/\/sofa-ms.de\/index.php?rest_route=%2Fwp%2Fv2%2Ftags&post=2829"}],"curies":[{"name":"wp","href":"https:\/\/api.w.org\/{rel}","templated":true}]}}