{"id":2868,"date":"2023-11-21T20:58:47","date_gmt":"2023-11-21T20:58:47","guid":{"rendered":"https:\/\/sofa-ms.de\/?p=2868"},"modified":"2023-11-23T22:48:30","modified_gmt":"2023-11-23T22:48:30","slug":"proteste-in-ahaus-juelich-probecastor-startet-gegen-22-uhr","status":"publish","type":"post","link":"https:\/\/sofa-ms.de\/?p=2868","title":{"rendered":"2. Probecastor mit wachsendem Protest und viel Polizei"},"content":{"rendered":"<p><span style=\"text-decoration: underline;\"><img loading=\"lazy\" decoding=\"async\" class=\" wp-image-2885 alignleft\" src=\"https:\/\/sofa-ms.de\/wp-content\/uploads\/2023\/11\/2023-11-21-Probecastor-Ahaus-Demo-300x224.jpg\" alt=\"\" width=\"251\" height=\"188\" srcset=\"https:\/\/sofa-ms.de\/wp-content\/uploads\/2023\/11\/2023-11-21-Probecastor-Ahaus-Demo-300x224.jpg 300w, https:\/\/sofa-ms.de\/wp-content\/uploads\/2023\/11\/2023-11-21-Probecastor-Ahaus-Demo-1024x766.jpg 1024w, https:\/\/sofa-ms.de\/wp-content\/uploads\/2023\/11\/2023-11-21-Probecastor-Ahaus-Demo-768x575.jpg 768w, https:\/\/sofa-ms.de\/wp-content\/uploads\/2023\/11\/2023-11-21-Probecastor-Ahaus-Demo-465x348.jpg 465w, https:\/\/sofa-ms.de\/wp-content\/uploads\/2023\/11\/2023-11-21-Probecastor-Ahaus-Demo-668x500.jpg 668w, https:\/\/sofa-ms.de\/wp-content\/uploads\/2023\/11\/2023-11-21-Probecastor-Ahaus-Demo.jpg 1279w\" sizes=\"auto, (max-width: 251px) 100vw, 251px\" \/>Update 23.11.2023.<\/span> Ca. 150 Menschen und \u00fcber 20 Trecker demonstrierten am abend des 21.11.2023 in Ahaus auf der Castor-Route &#8211; wegen der irren Gr\u00f6\u00dfe von 30m und 130t muss der Castor \u00fcber die Kreuzung Schumacherring\/ Sch\u00f6ppinger Str. (Schorlemer Str.). In J\u00fclich fand eine Mahnwache direkt vor dem Haupttor des Forschungszentrums J\u00fclich statt.<img loading=\"lazy\" decoding=\"async\" class=\" wp-image-2879 alignright\" src=\"https:\/\/sofa-ms.de\/wp-content\/uploads\/2023\/11\/2023-11-21-Probecastor-Trecker-300x110.jpg\" alt=\"\" width=\"355\" height=\"130\" srcset=\"https:\/\/sofa-ms.de\/wp-content\/uploads\/2023\/11\/2023-11-21-Probecastor-Trecker-300x110.jpg 300w, https:\/\/sofa-ms.de\/wp-content\/uploads\/2023\/11\/2023-11-21-Probecastor-Trecker-1024x375.jpg 1024w, https:\/\/sofa-ms.de\/wp-content\/uploads\/2023\/11\/2023-11-21-Probecastor-Trecker-768x281.jpg 768w, https:\/\/sofa-ms.de\/wp-content\/uploads\/2023\/11\/2023-11-21-Probecastor-Trecker-465x170.jpg 465w, https:\/\/sofa-ms.de\/wp-content\/uploads\/2023\/11\/2023-11-21-Probecastor-Trecker-695x254.jpg 695w, https:\/\/sofa-ms.de\/wp-content\/uploads\/2023\/11\/2023-11-21-Probecastor-Trecker.jpg 1378w\" sizes=\"auto, (max-width: 355px) 100vw, 355px\" \/><\/p>\n<h3>Selbe Route &#8211; Rangierman\u00f6ver im Kreuz Kaiserberg<\/h3>\n<p>Um 22:02 Uhr verlie\u00df der Probecastor das Gel\u00e4nde des Forschungszentrums J\u00fclich. Zu Beginn war der Konvoi etwas schneller unterwegs als beim letzten mal und hat um 22:50 Uhr die A46 erreicht, gegen 23:00 Uhr D\u00fcsseldorf. Die Route f\u00fchrte weiter \u00fcber die A44 Richtung D\u00fcsseldorf Flughafentunnel. Dann ging es \u00fcber die A52 zum Kreuz Breitscheid und wie beim letzten mal \u00fcber die A3 nach Duisburg. Im Kreuz Kaiserberg kam es allerdings zu einer Vollsperrung, da der Castor beim \u00dcbergang zur A40 zur\u00fccksetzen musste! Das Man\u00f6ver zog sich etwas hin, der Grund ist unklar, vermutlich wurde die Kurve zur Abfahrt nicht richtig genommen, andere Stimmen munkeln, dass die Abfahrt verpasst wurde&#8230; Nach dem Man\u00f6ver ging es also wieder durch das komplette Duisb<img loading=\"lazy\" decoding=\"async\" class=\"size-medium wp-image-2882 alignleft\" src=\"https:\/\/sofa-ms.de\/wp-content\/uploads\/2023\/11\/2023-11-21-Probecastor-Juelich-Abfahrt-300x169.jpg\" alt=\"\" width=\"300\" height=\"169\" srcset=\"https:\/\/sofa-ms.de\/wp-content\/uploads\/2023\/11\/2023-11-21-Probecastor-Juelich-Abfahrt-300x169.jpg 300w, https:\/\/sofa-ms.de\/wp-content\/uploads\/2023\/11\/2023-11-21-Probecastor-Juelich-Abfahrt-1024x576.jpg 1024w, https:\/\/sofa-ms.de\/wp-content\/uploads\/2023\/11\/2023-11-21-Probecastor-Juelich-Abfahrt-768x432.jpg 768w, https:\/\/sofa-ms.de\/wp-content\/uploads\/2023\/11\/2023-11-21-Probecastor-Juelich-Abfahrt-1536x864.jpg 1536w, https:\/\/sofa-ms.de\/wp-content\/uploads\/2023\/11\/2023-11-21-Probecastor-Juelich-Abfahrt-465x262.jpg 465w, https:\/\/sofa-ms.de\/wp-content\/uploads\/2023\/11\/2023-11-21-Probecastor-Juelich-Abfahrt-695x391.jpg 695w, https:\/\/sofa-ms.de\/wp-content\/uploads\/2023\/11\/2023-11-21-Probecastor-Juelich-Abfahrt.jpg 2048w\" sizes=\"auto, (max-width: 300px) 100vw, 300px\" \/>urger Stadtgebiet \u00fcber A40, A57, A52 und dann wieder auf die A3. Ob Br\u00fcckensch\u00e4den oder die enge Baustelle im Kreuz Kaiserberg f\u00fcr diese Schleife die Ursache sind, ist unbekannt. Dazu wollten sich die Castor-Fans der JEN gegen\u00fcber der Presse nicht \u00e4u\u00dfern&#8230;<\/p>\n<p>In Ahaus wurde die Polizeipr\u00e4senz im Vergleich zum letzten Probetransport nochmal erh\u00f6ht &#8211; und das alles f\u00fcr einen leeren Transport. Dennoch konnte man recht nah an den gepanzerten LKW heranfahren&#8230; <img loading=\"lazy\" decoding=\"async\" class=\" wp-image-2880 alignleft\" src=\"https:\/\/sofa-ms.de\/wp-content\/uploads\/2023\/11\/2023-11-21-Probecastor-nah-dran-300x256.jpg\" alt=\"\" width=\"206\" height=\"176\" srcset=\"https:\/\/sofa-ms.de\/wp-content\/uploads\/2023\/11\/2023-11-21-Probecastor-nah-dran-300x256.jpg 300w, https:\/\/sofa-ms.de\/wp-content\/uploads\/2023\/11\/2023-11-21-Probecastor-nah-dran-1024x872.jpg 1024w, https:\/\/sofa-ms.de\/wp-content\/uploads\/2023\/11\/2023-11-21-Probecastor-nah-dran-768x654.jpg 768w, https:\/\/sofa-ms.de\/wp-content\/uploads\/2023\/11\/2023-11-21-Probecastor-nah-dran-1536x1309.jpg 1536w, https:\/\/sofa-ms.de\/wp-content\/uploads\/2023\/11\/2023-11-21-Probecastor-nah-dran-2048x1745.jpg 2048w, https:\/\/sofa-ms.de\/wp-content\/uploads\/2023\/11\/2023-11-21-Probecastor-nah-dran-465x396.jpg 465w, https:\/\/sofa-ms.de\/wp-content\/uploads\/2023\/11\/2023-11-21-Probecastor-nah-dran-587x500.jpg 587w\" sizes=\"auto, (max-width: 206px) 100vw, 206px\" \/> Vor dem Zwischenlager Ahaus gab es massive Polizeipr\u00e4senz, Vorbeifahrende wurden angehalten, kontrolliert und erhielten dann einen Platzverweis! Auf der gesamten Strecke wurde jede einzelne Br\u00fccke \u00fcber die Autobahnen \u00fcberwacht. Eine spontane Mahnwache im Raum Oberhausen wurde unterbunden und Platzverweise erteilt, zahlreiche Menschen, ob Atomkraftgegner_innen oder nicht wurden an Br\u00fccken kontrolliert.\u00a0 <img loading=\"lazy\" decoding=\"async\" class=\" wp-image-2884 alignright\" src=\"https:\/\/sofa-ms.de\/wp-content\/uploads\/2023\/11\/2023-11-21-Probecastor-Bruecke-300x225.jpg\" alt=\"\" width=\"238\" height=\"178\" srcset=\"https:\/\/sofa-ms.de\/wp-content\/uploads\/2023\/11\/2023-11-21-Probecastor-Bruecke-300x225.jpg 300w, https:\/\/sofa-ms.de\/wp-content\/uploads\/2023\/11\/2023-11-21-Probecastor-Bruecke-1024x768.jpg 1024w, https:\/\/sofa-ms.de\/wp-content\/uploads\/2023\/11\/2023-11-21-Probecastor-Bruecke-768x576.jpg 768w, https:\/\/sofa-ms.de\/wp-content\/uploads\/2023\/11\/2023-11-21-Probecastor-Bruecke-1536x1152.jpg 1536w, https:\/\/sofa-ms.de\/wp-content\/uploads\/2023\/11\/2023-11-21-Probecastor-Bruecke-465x349.jpg 465w, https:\/\/sofa-ms.de\/wp-content\/uploads\/2023\/11\/2023-11-21-Probecastor-Bruecke-667x500.jpg 667w, https:\/\/sofa-ms.de\/wp-content\/uploads\/2023\/11\/2023-11-21-Probecastor-Bruecke.jpg 1600w\" sizes=\"auto, (max-width: 238px) 100vw, 238px\" \/>Wir setzen uns\u00a0 f\u00fcr eine langfristig sichere Lagerung in J\u00fclich statt polizeilicher Machtdemonstration und Castor-Wahnsinn quer durch NRW ein! Und das werden wir mit Hin- und R\u00fcckfahrt auch 304 x machen&#8230; Eben weil Ahaus langfristig keine Option ist!<\/p>\n<h3>Eine kleine Medienschau:<\/h3>\n<ul>\n<li><a href=\"https:\/\/www.taz.de\/!5974857\" target=\"_blank\" rel=\"noopener\">TAZ<\/a><\/li>\n<li><a href=\"https:\/\/www.ardmediathek.de\/sendung\/lokalzeit-aus-aachen\/Y3JpZDovL3dkci5kZS9tZWRpYXRoZWsvTG9rYWx6ZWl0IGF1cyBBYWNoZW4\" target=\"_blank\" rel=\"noopener\">WDR-Lokalzeit Aachen<\/a><\/li>\n<li><a href=\"https:\/\/www.waz.de\/politik\/landespolitik\/warum-2024-grosse-atomtransporte-durch-nrw-rollen-koennten-id239929768.html\" target=\"_blank\" rel=\"noopener\">WAZ<\/a><\/li>\n<li><a href=\"https:\/\/www.wn.de\/nrw\/leerer-castor-behaelter-erreicht-ahaus-ohne-probleme-2869127\" target=\"_blank\" rel=\"noopener\">WN<\/a><\/li>\n<li><a href=\"https:\/\/www.nrz.de\/staedte\/duisburg\/atommuell-naechster-castor-konvoi-macht-umweg-durch-duisburg-id240650340.html?_gl=1*vu5uv8*_up*MQ..&amp;gclid=Cj0KCQiA6vaqBhCbARIsACF9M6mns-CAv5YJU2ccUDGJFOUr_x6dS4AwTKGIh3tf36ldvvf1kPE9B3EaAmIeEALw_wcB\" target=\"_blank\" rel=\"noopener\">NRZ<img loading=\"lazy\" decoding=\"async\" class=\"size-medium wp-image-2881 alignright\" src=\"https:\/\/sofa-ms.de\/wp-content\/uploads\/2023\/11\/2023-11-21-Probecastor-Juelich-Transparent-300x169.jpg\" alt=\"\" width=\"300\" height=\"169\" srcset=\"https:\/\/sofa-ms.de\/wp-content\/uploads\/2023\/11\/2023-11-21-Probecastor-Juelich-Transparent-300x169.jpg 300w, https:\/\/sofa-ms.de\/wp-content\/uploads\/2023\/11\/2023-11-21-Probecastor-Juelich-Transparent-1024x576.jpg 1024w, https:\/\/sofa-ms.de\/wp-content\/uploads\/2023\/11\/2023-11-21-Probecastor-Juelich-Transparent-768x432.jpg 768w, https:\/\/sofa-ms.de\/wp-content\/uploads\/2023\/11\/2023-11-21-Probecastor-Juelich-Transparent-1536x864.jpg 1536w, https:\/\/sofa-ms.de\/wp-content\/uploads\/2023\/11\/2023-11-21-Probecastor-Juelich-Transparent-465x262.jpg 465w, https:\/\/sofa-ms.de\/wp-content\/uploads\/2023\/11\/2023-11-21-Probecastor-Juelich-Transparent-695x391.jpg 695w, https:\/\/sofa-ms.de\/wp-content\/uploads\/2023\/11\/2023-11-21-Probecastor-Juelich-Transparent.jpg 2048w\" sizes=\"auto, (max-width: 300px) 100vw, 300px\" \/> <img loading=\"lazy\" decoding=\"async\" class=\"alignnone size-medium wp-image-2883\" src=\"https:\/\/sofa-ms.de\/wp-content\/uploads\/2023\/11\/2023-11-21-Probecastor-Juelich-300x127.jpg\" alt=\"\" width=\"300\" height=\"127\" srcset=\"https:\/\/sofa-ms.de\/wp-content\/uploads\/2023\/11\/2023-11-21-Probecastor-Juelich-300x127.jpg 300w, https:\/\/sofa-ms.de\/wp-content\/uploads\/2023\/11\/2023-11-21-Probecastor-Juelich-1024x434.jpg 1024w, https:\/\/sofa-ms.de\/wp-content\/uploads\/2023\/11\/2023-11-21-Probecastor-Juelich-768x326.jpg 768w, https:\/\/sofa-ms.de\/wp-content\/uploads\/2023\/11\/2023-11-21-Probecastor-Juelich-465x197.jpg 465w, https:\/\/sofa-ms.de\/wp-content\/uploads\/2023\/11\/2023-11-21-Probecastor-Juelich-695x295.jpg 695w, https:\/\/sofa-ms.de\/wp-content\/uploads\/2023\/11\/2023-11-21-Probecastor-Juelich.jpg 1458w\" sizes=\"auto, (max-width: 300px) 100vw, 300px\" \/><\/a><\/li>\n<\/ul>\n<p>&nbsp;<\/p>\n","protected":false},"excerpt":{"rendered":"<p>Update 23.11.2023. Ca. 150 Menschen und \u00fcber 20 Trecker demonstrierten am abend des 21.11.2023 in Ahaus auf der Castor-Route &#8211; wegen der irren Gr\u00f6\u00dfe von 30m und 130t muss der Castor \u00fcber die Kreuzung Schumacherring\/ Sch\u00f6ppinger Str. (Schorlemer Str.). In J\u00fclich fand eine Mahnwache direkt vor dem Haupttor des Forschungszentrums<span class=\"more-link\"><a href=\"https:\/\/sofa-ms.de\/?p=2868\">lies mehr<\/a><\/span><\/p>\n","protected":false},"author":3,"featured_media":0,"comment_status":"closed","ping_status":"closed","sticky":false,"template":"","format":"standard","meta":{"footnotes":""},"categories":[6,25,26,13,10],"tags":[],"class_list":["entry","author-red-sofa","post-2868","post","type-post","status-publish","format-standard","category-ahaus","category-atommuell","category-castor","category-demos","category-juelich"],"_links":{"self":[{"href":"https:\/\/sofa-ms.de\/index.php?rest_route=\/wp\/v2\/posts\/2868","targetHints":{"allow":["GET"]}}],"collection":[{"href":"https:\/\/sofa-ms.de\/index.php?rest_route=\/wp\/v2\/posts"}],"about":[{"href":"https:\/\/sofa-ms.de\/index.php?rest_route=\/wp\/v2\/types\/post"}],"author":[{"embeddable":true,"href":"https:\/\/sofa-ms.de\/index.php?rest_route=\/wp\/v2\/users\/3"}],"replies":[{"embeddable":true,"href":"https:\/\/sofa-ms.de\/index.php?rest_route=%2Fwp%2Fv2%2Fcomments&post=2868"}],"version-history":[{"count":12,"href":"https:\/\/sofa-ms.de\/index.php?rest_route=\/wp\/v2\/posts\/2868\/revisions"}],"predecessor-version":[{"id":2887,"href":"https:\/\/sofa-ms.de\/index.php?rest_route=\/wp\/v2\/posts\/2868\/revisions\/2887"}],"wp:attachment":[{"href":"https:\/\/sofa-ms.de\/index.php?rest_route=%2Fwp%2Fv2%2Fmedia&parent=2868"}],"wp:term":[{"taxonomy":"category","embeddable":true,"href":"https:\/\/sofa-ms.de\/index.php?rest_route=%2Fwp%2Fv2%2Fcategories&post=2868"},{"taxonomy":"post_tag","embeddable":true,"href":"https:\/\/sofa-ms.de\/index.php?rest_route=%2Fwp%2Fv2%2Ftags&post=2868"}],"curies":[{"name":"wp","href":"https:\/\/api.w.org\/{rel}","templated":true}]}}