{"id":2890,"date":"2023-11-27T22:59:02","date_gmt":"2023-11-27T22:59:02","guid":{"rendered":"https:\/\/sofa-ms.de\/?p=2890"},"modified":"2023-11-27T22:59:02","modified_gmt":"2023-11-27T22:59:02","slug":"probe-castor-mit-blaulicht-auf-dem-rueckweg","status":"publish","type":"post","link":"https:\/\/sofa-ms.de\/?p=2890","title":{"rendered":"Probe-Castor mit Blaulicht auf dem R\u00fcckweg"},"content":{"rendered":"<p>Auch der zweite R\u00fccktransport des Probecastors von Ahaus nach J\u00fclich ist am 27.11.2023 entdeckt worden, mit viel Blaulicht ging es gegen 22 Uhr am Zwischenlager los. Hier ein Bild von der A31.<\/p>\n<p><img loading=\"lazy\" decoding=\"async\" class=\"alignnone size-medium wp-image-2891\" src=\"https:\/\/sofa-ms.de\/wp-content\/uploads\/2023\/11\/Probecastor-rueckweg-2023-11-27-300x213.jpg\" alt=\"\" width=\"300\" height=\"213\" srcset=\"https:\/\/sofa-ms.de\/wp-content\/uploads\/2023\/11\/Probecastor-rueckweg-2023-11-27-300x213.jpg 300w, https:\/\/sofa-ms.de\/wp-content\/uploads\/2023\/11\/Probecastor-rueckweg-2023-11-27-1024x726.jpg 1024w, https:\/\/sofa-ms.de\/wp-content\/uploads\/2023\/11\/Probecastor-rueckweg-2023-11-27-768x544.jpg 768w, https:\/\/sofa-ms.de\/wp-content\/uploads\/2023\/11\/Probecastor-rueckweg-2023-11-27-1536x1088.jpg 1536w, https:\/\/sofa-ms.de\/wp-content\/uploads\/2023\/11\/Probecastor-rueckweg-2023-11-27-465x329.jpg 465w, https:\/\/sofa-ms.de\/wp-content\/uploads\/2023\/11\/Probecastor-rueckweg-2023-11-27-695x492.jpg 695w, https:\/\/sofa-ms.de\/wp-content\/uploads\/2023\/11\/Probecastor-rueckweg-2023-11-27.jpg 1688w\" sizes=\"auto, (max-width: 300px) 100vw, 300px\" \/><\/p>\n","protected":false},"excerpt":{"rendered":"<p>Auch der zweite R\u00fccktransport des Probecastors von Ahaus nach J\u00fclich ist am 27.11.2023 entdeckt worden, mit viel Blaulicht ging es gegen 22 Uhr am Zwischenlager los. Hier ein Bild von der A31.<span class=\"more-link\"><a href=\"https:\/\/sofa-ms.de\/?p=2890\">lies mehr<\/a><\/span><\/p>\n","protected":false},"author":3,"featured_media":0,"comment_status":"closed","ping_status":"closed","sticky":false,"template":"","format":"standard","meta":{"footnotes":""},"categories":[6,5,26,10],"tags":[],"class_list":["entry","author-red-sofa","post-2890","post","type-post","status-publish","format-standard","category-ahaus","category-aktuelles","category-castor","category-juelich"],"_links":{"self":[{"href":"https:\/\/sofa-ms.de\/index.php?rest_route=\/wp\/v2\/posts\/2890","targetHints":{"allow":["GET"]}}],"collection":[{"href":"https:\/\/sofa-ms.de\/index.php?rest_route=\/wp\/v2\/posts"}],"about":[{"href":"https:\/\/sofa-ms.de\/index.php?rest_route=\/wp\/v2\/types\/post"}],"author":[{"embeddable":true,"href":"https:\/\/sofa-ms.de\/index.php?rest_route=\/wp\/v2\/users\/3"}],"replies":[{"embeddable":true,"href":"https:\/\/sofa-ms.de\/index.php?rest_route=%2Fwp%2Fv2%2Fcomments&post=2890"}],"version-history":[{"count":1,"href":"https:\/\/sofa-ms.de\/index.php?rest_route=\/wp\/v2\/posts\/2890\/revisions"}],"predecessor-version":[{"id":2892,"href":"https:\/\/sofa-ms.de\/index.php?rest_route=\/wp\/v2\/posts\/2890\/revisions\/2892"}],"wp:attachment":[{"href":"https:\/\/sofa-ms.de\/index.php?rest_route=%2Fwp%2Fv2%2Fmedia&parent=2890"}],"wp:term":[{"taxonomy":"category","embeddable":true,"href":"https:\/\/sofa-ms.de\/index.php?rest_route=%2Fwp%2Fv2%2Fcategories&post=2890"},{"taxonomy":"post_tag","embeddable":true,"href":"https:\/\/sofa-ms.de\/index.php?rest_route=%2Fwp%2Fv2%2Ftags&post=2890"}],"curies":[{"name":"wp","href":"https:\/\/api.w.org\/{rel}","templated":true}]}}