{"id":3139,"date":"2024-11-27T23:00:56","date_gmt":"2024-11-27T23:00:56","guid":{"rendered":"https:\/\/sofa-ms.de\/?p=3139"},"modified":"2024-11-28T22:01:05","modified_gmt":"2024-11-28T22:01:05","slug":"auf-zum-ahauser-sonntagsspaziergang-30-jahre-und-wir-machen-weiter","status":"publish","type":"post","link":"https:\/\/sofa-ms.de\/?p=3139","title":{"rendered":"Auf zum Ahauser Sonntagsspaziergang &#8211; 30 Jahre und wir machen weiter!"},"content":{"rendered":"<h3 class=\"western\" style=\"text-align: center;\" align=\"center\"><span style=\"font-family: FreeSans, serif; font-size: 16px;\"><b><img loading=\"lazy\" decoding=\"async\" class=\" wp-image-2901 alignleft\" src=\"https:\/\/sofa-ms.de\/wp-content\/uploads\/2023\/12\/Frohes-Fest-Ahaus-300x300.jpg\" alt=\"\" width=\"192\" height=\"192\" srcset=\"https:\/\/sofa-ms.de\/wp-content\/uploads\/2023\/12\/Frohes-Fest-Ahaus-300x300.jpg 300w, https:\/\/sofa-ms.de\/wp-content\/uploads\/2023\/12\/Frohes-Fest-Ahaus-150x150.jpg 150w, https:\/\/sofa-ms.de\/wp-content\/uploads\/2023\/12\/Frohes-Fest-Ahaus-768x768.jpg 768w, https:\/\/sofa-ms.de\/wp-content\/uploads\/2023\/12\/Frohes-Fest-Ahaus-465x465.jpg 465w, https:\/\/sofa-ms.de\/wp-content\/uploads\/2023\/12\/Frohes-Fest-Ahaus-500x500.jpg 500w, https:\/\/sofa-ms.de\/wp-content\/uploads\/2023\/12\/Frohes-Fest-Ahaus.jpg 1024w\" sizes=\"auto, (max-width: 192px) 100vw, 192px\" \/>15. Dezember 2024, 14 Uhr, Atomm\u00fclllager Ahaus: <\/b><\/span><span style=\"font-family: FreeSans, serif; font-size: 16px;\"><b>30 Jahre Sonntagsspaziergang Ahaus <\/b><\/span><br \/>\n<span style=\"font-family: FreeSans, serif; font-size: 16px;\"><b>Castor-Transporte J\u00fclich &#8211; Ahaus verhindern!<\/b><\/span><\/h3>\n<p class=\"western\" style=\"text-align: left;\" align=\"center\"><span style=\"color: #000000; font-size: 16px;\"><span style=\"font-family: FreeSans, serif;\">Die J\u00fclicher Entsorgungsgesellschaft f\u00fcr Nuklearanlagen (JEN), die politisch unt\u00e4tige NRW-Landesregierung und die gescheiterte Bundesregierung halten wider alle Vernunft stur an den 152 Autobahn-Castoren von J\u00fclich nach Ahaus fest \u2013 eine Transportgenehmigung kann noch dieses Jahr kommen. Doch wir sind bereit und gehen auf die Stra\u00dfe, um die widersinnigen und gef\u00e4hrlichen Transporte von hochradioaktivem Atomm\u00fcll quer durch NRW zu stoppen, bevor sie losfahren!<\/span><\/span><\/p>\n<p><span style=\"color: #000000; font-size: 16px;\"><span style=\"font-family: FreeSans, serif;\">Der Protest und Widerstand gegen derartige Atomm\u00fcll-Transporte nach Ahaus hat eine lange Tradition, die bis in die 1970er-Jahre zur\u00fcckreicht. 1992 begann die erste Transportserie mit hochradioaktivem Atomm\u00fcll aus dem stillgelegten Thorium-Hochtemperatur-Reaktor in Hamm. Schon damals gab es Demonstrationen und Blockadeaktionen. Und vor genau 30 Jahren, im Dezember 1994, fand am Atomm\u00fcll-Lager in Ahaus-Ammeln der erste Sonntagsspaziergang statt. Schnell wurde der dritte Sonntag im Monat zum fixen Demotermin in Ahaus und zum tragenden Protest-Element gegen den gro\u00dfen Castor-Transport 1998 sowie gegen die Autobahn-Castoren aus Dresden-Rossendorf 2005. Seither hat kein einziger Castor-Transport mehr Ahaus erreicht. <\/span><\/span><\/p>\n<p><span style=\"color: #000000; font-size: 16px;\"><span style=\"font-family: FreeSans, serif;\"><b>Die Sonntagsspazierg\u00e4nge und der Protest haben gewirkt \u2013 das feiern wir!<\/b><\/span><\/span><\/p>\n<p><span style=\"color: #000000; font-size: 16px;\"><span style=\"font-family: FreeSans, serif;\">Inzwischen ist aber klar, dass der Atomm\u00fcll deutlich l\u00e4nger als die angek\u00fcndigten 40 Jahre in Ahaus bleiben soll. Plan A ist gescheitert. Ein sicheres Endlager ist nicht in Sicht und die sichere Langzeitlagerung ist an allen Zwischenlager-Standorten ungekl\u00e4rt. Hier m\u00fcssen grunds\u00e4tzlich neue Sicherheitskonzepte her!<\/span><\/span><\/p>\n<p><span style=\"font-size: 16px;\"><span style=\"color: #000000;\"><span style=\"font-family: FreeSans, serif;\">Wir handeln auch nicht nach dem St.-Florians-Prinzip \u2013 im Gegenteil: 2010 haben wir den Abtransport der Dresdner Castoren in die russische Atomanlage Majak verhindert. Doch leider gilt das nicht \u00fcberall: So will das Forschungszentrum J\u00fclich schon seit 2009 die 300 000 hochradioaktiven Brennelementkugeln aus J\u00fclich in 152 Castor-Einzeltransporten \u00fcber die Autobahnen quer durch NRW nach Ahaus bringen. <\/span><\/span><span style=\"color: #000000;\"><span style=\"font-family: FreeSans, serif;\"><b>15 Jahre lang konnten wir den Castor-Wahnsinn verhindern \u2013 das ist eine echte Leistung!<\/b><\/span><\/span><\/span><\/p>\n<p><span style=\"color: #000000; font-size: 16px;\"><span style=\"font-family: FreeSans, serif;\">Aber das Jahresende wird sehr hei\u00df: Am 3.\/4. Dezember verhandelt das OVG M\u00fcnster die Klage der Stadt Ahaus gegen die Einlagerungsgenehmigung f\u00fcr die J\u00fclicher Castoren. Wir setzen darauf, dass das OVG die Pl\u00e4ne stoppt \u2013 im anderen Fall d\u00fcrfte jedoch schnell die noch ausstehende Transportgenehmigung kommen. Darauf m\u00fcssen wir vorbereitet sein. Auch die bayrische Staatsregierung will ihren hochradioaktiven Atomm\u00fcll aus dem Forschungsreaktor Garching bei M\u00fcnchen unbedingt nach Ahaus abschieben, weil der Reaktor mit hoch angereichertem, milit\u00e4risch nutzbarem Uran betrieben wird \u2013 auch das ein brandgef\u00e4hrlicher Wahnsinn.<\/span><\/span><\/p>\n<p><span style=\"font-size: 16px;\"><span style=\"color: #000000;\"><span style=\"font-family: FreeSans, serif;\"><b>Wir fordern nachdr\u00fccklich von der NRW-Landesregierung und dem Bundesumweltministerium: <\/b><\/span><\/span><span style=\"color: #000000;\"><span style=\"font-family: FreeSans, serif;\">Stoppen Sie den Castor-Irrsinn \u2013 Atomm\u00fclltransporte von A nach B schaffen nur zus\u00e4tzliche, unkalkulierbare und vermeidbare Sicherheitsrisiken, sie sind teuer und l\u00f6sen nicht die Atomm\u00fcllentsorgung.<\/span><\/span><\/span><\/p>\n<p><span style=\"font-size: 16px;\"><span style=\"color: #000000;\"><span style=\"font-family: FreeSans, serif;\"><b>Wir k\u00fcndigen an:<\/b><\/span><\/span><span style=\"color: #000000;\"><span style=\"font-family: FreeSans, serif;\"> Sollte es zu einer Transportgenehmigung kommen, w erden wir uns an den Transportstrecken zwischen J\u00fclich und Ahaus querstellen \u2013 wir sind bereit!<\/span><\/span><\/span><\/p>\n<p><span style=\"color: #000000; font-size: 16px;\"><span style=\"font-family: FreeSans, serif;\"><b>Kommt am Sonntag, 15.12.2024, um 14 Uhr zum Atomm\u00fclllager nach Ahaus und lasst uns zum Jahresabschluss gemeinsam ein klares Zeichen setzen: <\/b><\/span><\/span><\/p>\n<ul style=\"text-align: left;\">\n<li>\n<p align=\"left\"><span style=\"color: #000000; font-size: 16px;\"><span style=\"font-family: FreeSans, serif;\">Atomm\u00fcllentsorgung funktioniert nicht auf der Autobahn! <\/span><\/span><\/p>\n<\/li>\n<li>\n<p align=\"left\"><span style=\"color: #000000; font-size: 16px;\"><span style=\"font-family: FreeSans, serif;\">Zugleich fordern wir die sofortige Stilllegung der Urananreicherungsanlage Gronau sowie der Brennelementefabrik Lingen!<\/span><\/span><\/p>\n<\/li>\n<\/ul>\n<p style=\"text-align: left;\" align=\"center\"><span style=\"color: #000000; font-size: 16px;\"><span style=\"font-family: FreeSans, serif;\">F\u00fcr Bus- und Bahnanreisende gibt es einen Shuttle-Bus vom und zum Ahauser Bahnhof!<\/span><\/span><\/p>\n<p align=\"center\"><a href=\"https:\/\/sofa-ms.de\/wp-content\/uploads\/2024\/11\/Aufruf-Sonntagsspaziergang-Ahaus-2024-12-15-final.pdf\" target=\"_blank\" rel=\"noopener\">Aufruf als PDF<\/a><\/p>\n","protected":false},"excerpt":{"rendered":"<p>15. Dezember 2024, 14 Uhr, Atomm\u00fclllager Ahaus: 30 Jahre Sonntagsspaziergang Ahaus Castor-Transporte J\u00fclich &#8211; Ahaus verhindern! Die J\u00fclicher Entsorgungsgesellschaft f\u00fcr Nuklearanlagen (JEN), die politisch unt\u00e4tige NRW-Landesregierung und die gescheiterte Bundesregierung halten wider alle Vernunft stur an den 152 Autobahn-Castoren von J\u00fclich nach Ahaus fest \u2013 eine Transportgenehmigung kann noch dieses<span class=\"more-link\"><a href=\"https:\/\/sofa-ms.de\/?p=3139\">lies mehr<\/a><\/span><\/p>\n","protected":false},"author":3,"featured_media":2903,"comment_status":"closed","ping_status":"closed","sticky":false,"template":"","format":"standard","meta":{"footnotes":""},"categories":[6,5,25,26,13,10],"tags":[],"class_list":["entry","author-red-sofa","post-3139","post","type-post","status-publish","format-standard","has-post-thumbnail","category-ahaus","category-aktuelles","category-atommuell","category-castor","category-demos","category-juelich"],"_links":{"self":[{"href":"https:\/\/sofa-ms.de\/index.php?rest_route=\/wp\/v2\/posts\/3139","targetHints":{"allow":["GET"]}}],"collection":[{"href":"https:\/\/sofa-ms.de\/index.php?rest_route=\/wp\/v2\/posts"}],"about":[{"href":"https:\/\/sofa-ms.de\/index.php?rest_route=\/wp\/v2\/types\/post"}],"author":[{"embeddable":true,"href":"https:\/\/sofa-ms.de\/index.php?rest_route=\/wp\/v2\/users\/3"}],"replies":[{"embeddable":true,"href":"https:\/\/sofa-ms.de\/index.php?rest_route=%2Fwp%2Fv2%2Fcomments&post=3139"}],"version-history":[{"count":2,"href":"https:\/\/sofa-ms.de\/index.php?rest_route=\/wp\/v2\/posts\/3139\/revisions"}],"predecessor-version":[{"id":3141,"href":"https:\/\/sofa-ms.de\/index.php?rest_route=\/wp\/v2\/posts\/3139\/revisions\/3141"}],"wp:featuredmedia":[{"embeddable":true,"href":"https:\/\/sofa-ms.de\/index.php?rest_route=\/wp\/v2\/media\/2903"}],"wp:attachment":[{"href":"https:\/\/sofa-ms.de\/index.php?rest_route=%2Fwp%2Fv2%2Fmedia&parent=3139"}],"wp:term":[{"taxonomy":"category","embeddable":true,"href":"https:\/\/sofa-ms.de\/index.php?rest_route=%2Fwp%2Fv2%2Fcategories&post=3139"},{"taxonomy":"post_tag","embeddable":true,"href":"https:\/\/sofa-ms.de\/index.php?rest_route=%2Fwp%2Fv2%2Ftags&post=3139"}],"curies":[{"name":"wp","href":"https:\/\/api.w.org\/{rel}","templated":true}]}}