{"id":3194,"date":"2025-01-07T10:00:54","date_gmt":"2025-01-07T09:00:54","guid":{"rendered":"https:\/\/sofa-ms.de\/?p=3194"},"modified":"2025-01-09T22:15:41","modified_gmt":"2025-01-09T21:15:41","slug":"bauliche-maengel-am-ahauser-atommuell-lager-hallendach-haengt-durch","status":"publish","type":"post","link":"https:\/\/sofa-ms.de\/?p=3194","title":{"rendered":"Bauliche M\u00e4ngel am Ahauser Atomm\u00fcll-Lager &#8211; Betreiber gibt zu: Stahlseile st\u00fctzen Hallendach"},"content":{"rendered":"<p align=\"justify\"><span style=\"font-size: large;\"><span lang=\"de-DE\"><b>Proteste in Gronau bei Krischer-Besuch &#8211; Mahnwache gegen Castor-Bauarbeiten in Ahaus<br \/>\n<\/b><\/span><\/span><\/p>\n<p align=\"justify\"><strong>Update 9. Januar:<\/strong> Nach einer Pressemitteilung der Anti-Atomkraft-Initiativen mussten der Betreiber des Ahauser Atomm\u00fclllagers und die NRW-Landesregierung nun eingestehen, dass tats\u00e4chlich mittlerweile Stahlseile &#8222;dauerhaft&#8220; das Hallendach der Lagerhalle &#8222;verst\u00e4rken&#8220;. Dies sei sogar schon vor knapp vier Jahren passiert, weil es laut NRW-Wirtschaftsministerium &#8222;statische M\u00e4ngel&#8220; gab. Informiert wurde die \u00d6ffentlichkeit \u00fcber diese M\u00e4ngel und die Bauma\u00dfnahmen aber nicht. Kein Wunder, weil der Vorgang belegt, dass die urspr\u00fcngliche Hallenkonstruktion den Anspr\u00fcchen der Zeit nicht mehr gewachsen ist und deshalb wieder einmal am Konzept rumgedoktort werden musste. Verschleiern l\u00e4sst sich damit aber nicht, dass die rund 35 Jahre alte Ahauser Atomm\u00fcll-Lagerhalle halt erheblich in die Jahre gekommen ist und zusammen mit der Lagerhalle in Gorleben heute niemals mehr als Neubau genehmigungsf\u00e4hig w\u00e4re.<\/p>\n<p align=\"justify\">Ungekl\u00e4rt blieb heute die Frage, inwieweit das Hallendach derzeit bereits durchh\u00e4ngt und sich deshalb Wasser auf dem Hallendach in einer Mulde angesammelt hat. Das werden sicherlich wie bei so vielen brisanten Fragen erst die n\u00e4chsten Monate zeigen. Die NRW-Landesregierung\u00a0 hat z. B. letztes Jahr sieben Monate gebraucht, um die offensichtliche Castor-Panne im Autobahnkreuz Kaiserberg im November 2023 einzur\u00e4umen.<\/p>\n<p align=\"justify\"><span style=\"font-size: medium;\"><span lang=\"de-DE\">Mit dem Gesamt-Sachverhalt, \u00fcber den die B\u00fcrgerinitiative \u201eKein Atomm\u00fcll in Ahaus\u201c k\u00fcrzlich unterrichtet worden war, haben mehrere B\u00fcrgerinitiativen jetzt in einem Brief die NRW-Wirtschaftsministerin Mona Neubaur konfrontiert, die zugleich Chefin der NRW-Atomaufsicht ist. Die Initiativen wollen wissen, ob diese gravierenden Vorg\u00e4nge am Atomm\u00fcll-Lager in Ahaus der NRW-Atomaufsicht bekannt sind, wie sie sie bewertet und welche Ma\u00dfnahmen ggf. vorgesehen oder schon ergriffen worden sind.<br \/>\n<\/span><\/span><\/p>\n<p align=\"justify\">Proteste gab es auch heute beim Besuch von NRW-Verkehrs- und Umweltminister Oliver Krischer in Gronau. Krischer wich der Kritik auch und wollte auch zu den parallel laufenden vorbereitenden Bauarbeiten an zwei Ahauser Kreisverkehren f\u00fcr die 152 Castor-Transporte von J\u00fclich nach Ahaus keine Stellung nehmen. Vor seiner Minister-Zeit war Krischer in J\u00fclich einer der f\u00fchrenden Castor-Gegner, da er aus dem Nachbarort D\u00fcren stammt. Heute sieht er die Probleme auf Bundesebene. Aber auch dort sind die beiden entscheidenden Ministerien f\u00fcr Umwelt und Forschung derzeit beide in gr\u00fcner Hand &#8230;<\/p>\n<p align=\"justify\"><strong>In Ahaus findet n\u00e4chsten Montag, 13. Januar, von 9 bis 10 Uhr eine Mahnwache am sog. Tobit-Kreisel (Legdener Str.\/Schumacher-Ring\/Adenauer-Ring)\u00a0 statt, der f\u00fcr die Castor-Transporte ab Montag mit Billigung der Landesregierung umgebaut werden soll, obwohl noch keine Transportgenehmigung vorliegt. Und am Sonntag, 19. Januar, startet in Ahaus um 14 Uhr der n\u00e4chste Sonntagsspaziergang ab Rathaus. Ziel ist ebenfalls die Castor-Baustelle am Tobit-Kreisel.<\/strong><\/p>\n<p align=\"justify\"><span style=\"font-size: medium;\"><span lang=\"de-DE\">Dass das Ahauser Lager mit seinen Wand- und Deckenst\u00e4rken von nur 20 cm im oberen Hallenbereich heutigen Sicherheitsanforderungen nicht mehr entspricht, haben wir schon seit vielen Jahren immer wieder kritisiert. Alle sp\u00e4ter errichteten Zwischenlager weisen erheblich dickeres Mauerwerk auf, das zuletzt in Bau befindliche in Lubmin sogar bis zu 180 cm. Wir fordern deshalb insbesondere im Hinblick auf die drohende Langzeitlagerung von Atomm\u00fcll in Ahaus den Neubau eines modernen Zwischenlagers &#8211; ohne dass damit weiterer Atomm\u00fcll nach Ahaus kommt. So lange die Endlagersuche l\u00e4uft, muss jeder Atomm\u00fcll-Standort bestm\u00f6glich sicher sein.<br \/>\n<\/span><\/span><\/p>\n<p align=\"justify\"><span style=\"font-size: medium;\"><span lang=\"de-DE\">Unter den gegebenen Umst\u00e4nden ist jeglicher weitere Antransport von hochradioaktivem Atomm\u00fcll, wie er aus J\u00fclich und Garching geplant ist, unverantwortlich. Ministerin Neubaur muss sich nunmehr ernsthaft fragen, ob unter den gegebenen Umst\u00e4nden nicht sogar eine R\u00e4umungsverf\u00fcgung f\u00fcr das Ahauser Lager angeordnet werden muss, wie sie f\u00fcr das Atomm\u00fcll-Lager in J\u00fclich bereits seit 10 Jahren besteht! <\/span><\/span><\/p>\n","protected":false},"excerpt":{"rendered":"<p>Proteste in Gronau bei Krischer-Besuch &#8211; Mahnwache gegen Castor-Bauarbeiten in Ahaus Update 9. Januar: Nach einer Pressemitteilung der Anti-Atomkraft-Initiativen mussten der Betreiber des Ahauser Atomm\u00fclllagers und die NRW-Landesregierung nun eingestehen, dass tats\u00e4chlich mittlerweile Stahlseile &#8222;dauerhaft&#8220; das Hallendach der Lagerhalle &#8222;verst\u00e4rken&#8220;. Dies sei sogar schon vor knapp vier Jahren passiert, weil<span class=\"more-link\"><a href=\"https:\/\/sofa-ms.de\/?p=3194\">lies mehr<\/a><\/span><\/p>\n","protected":false},"author":3,"featured_media":0,"comment_status":"closed","ping_status":"closed","sticky":false,"template":"","format":"standard","meta":{"footnotes":""},"categories":[6,5,25,26,10],"tags":[],"class_list":["entry","author-red-sofa","post-3194","post","type-post","status-publish","format-standard","category-ahaus","category-aktuelles","category-atommuell","category-castor","category-juelich"],"_links":{"self":[{"href":"https:\/\/sofa-ms.de\/index.php?rest_route=\/wp\/v2\/posts\/3194","targetHints":{"allow":["GET"]}}],"collection":[{"href":"https:\/\/sofa-ms.de\/index.php?rest_route=\/wp\/v2\/posts"}],"about":[{"href":"https:\/\/sofa-ms.de\/index.php?rest_route=\/wp\/v2\/types\/post"}],"author":[{"embeddable":true,"href":"https:\/\/sofa-ms.de\/index.php?rest_route=\/wp\/v2\/users\/3"}],"replies":[{"embeddable":true,"href":"https:\/\/sofa-ms.de\/index.php?rest_route=%2Fwp%2Fv2%2Fcomments&post=3194"}],"version-history":[{"count":6,"href":"https:\/\/sofa-ms.de\/index.php?rest_route=\/wp\/v2\/posts\/3194\/revisions"}],"predecessor-version":[{"id":3203,"href":"https:\/\/sofa-ms.de\/index.php?rest_route=\/wp\/v2\/posts\/3194\/revisions\/3203"}],"wp:attachment":[{"href":"https:\/\/sofa-ms.de\/index.php?rest_route=%2Fwp%2Fv2%2Fmedia&parent=3194"}],"wp:term":[{"taxonomy":"category","embeddable":true,"href":"https:\/\/sofa-ms.de\/index.php?rest_route=%2Fwp%2Fv2%2Fcategories&post=3194"},{"taxonomy":"post_tag","embeddable":true,"href":"https:\/\/sofa-ms.de\/index.php?rest_route=%2Fwp%2Fv2%2Ftags&post=3194"}],"curies":[{"name":"wp","href":"https:\/\/api.w.org\/{rel}","templated":true}]}}