{"id":3206,"date":"2025-01-13T08:46:55","date_gmt":"2025-01-13T07:46:55","guid":{"rendered":"https:\/\/sofa-ms.de\/?p=3206"},"modified":"2025-01-14T00:05:03","modified_gmt":"2025-01-13T23:05:03","slug":"nrw-verkehrsministerium-stoppt-castor-bauarbeiten","status":"publish","type":"post","link":"https:\/\/sofa-ms.de\/?p=3206","title":{"rendered":"NRW-Verkehrsministerium stoppt Castor-Bauarbeiten!"},"content":{"rendered":"<p><strong>Update: Es r\u00fcckte tats\u00e4chlich keine Baufirma am Kreisverkehr an! F\u00fcr die Bauarbeiten fehlt konkret die Schwerlast-Transport-Genehmigung, die offenbar unabh\u00e4ngig von der atomrechtlichen Transportgenehmigung erteilt wird.<br \/>\n<\/strong><\/p>\n<p class=\"western\">\u00dcberraschende Kehrtwende in Ahaus: Die \u201e<a href=\"https:\/\/taz.de\/Streit-um-neue-Castor-Transporte\/!6058427\/\" target=\"_blank\" rel=\"noopener\">taz<\/a>\u201c meldete am gestrigen Sonntag, dass das NRW-Verkehrsministerium in letzter Minute den f\u00fcr heute geplanten Beginn des Umbaus eines Kreisverkehrs in Ahaus in Vorbereitung f\u00fcr die geplanten 152 Castor-LKW-Transporte vom Forschungszentrum J\u00fclich ins Zwischenlager Ahaus untersagt habe. Stra\u00dfen.NRW habe die Baufirma am Freitag dar\u00fcber informiert. Begr\u00fcndung: Es liege noch keine Transportgenehmigung f\u00fcr die Atomm\u00fcll-Transporte quer durch NRW vor. Genau auf diese fehlende Rechtsgrundlage hatten M\u00fcnsterl\u00e4nder Anti-Atomkraft-Initiativen NRW-Verkehrsminister Oliver Krischer bei einem Gespr\u00e4ch in Gronau am vergangenen Donnerstag nachdr\u00fccklich hingewiesen.<\/p>\n<p class=\"western\">Wenn die vorauseilenden Stra\u00dfenbauarbeiten f\u00fcr die geplanten Castor-Transporte in Ahaus tats\u00e4chlich vom NRW-Verkehrsministerium untersagt worden sind, weil noch keine Transportgenehmigung vorliegt, dann begr\u00fc\u00dfen wir das ausdr\u00fccklich. Wir werden das aber heute Morgen um 9 Uhr mit einer Mahnwache an dem betreffenden Kreisverkehr zwischen Legdener Stra\u00dfe und Schumacher-Ring in Ahaus kontrollieren.<\/p>\n<p class=\"western\">Urspr\u00fcnglich sollte der sog. Tobit-Kreisel laut Stadt Ahaus von heute bis zum 20. Januar Castor-tauglich umgebaut werden. Im Dezember war bereits ein erster Kreisverkehr im Norden von Ahaus f\u00fcr die seit Jahren geplanten, aber weiterhin nicht genehmigten 152 Castor-Transporte mit rund 300 000 hochradioaktiven Brennelementkugeln von J\u00fclich nach Ahaus umgebaut worden. Die B\u00fcrgerinitiativen fragen nun, ob der Auftraggeber dieser Bauma\u00dfnahmen nunmehr dort auf eigene Kosten den R\u00fcckbau in den urspr\u00fcnglichen Zustand durchf\u00fchren muss, da die Bauma\u00dfnahmen damals augenscheinlich ebenfalls ohne entsprechende rechtliche Grundlage durchgef\u00fchrt wurden.<\/p>\n<p class=\"western\">Es ist gut, dass die NRW-Landesregierung endlich versucht, selbst die politische Kontrolle \u00fcber die f\u00fcr NRW sehr brisante Castor-Frage zu \u00fcbernehmen. Wir erwarten eine koordinierte Handlungsstrategie auf der Grundlage des NRW-Koalitionsvertrags: Also keine \u00fcberfl\u00fcssigen und gef\u00e4hrlichen zus\u00e4tzlichen Atomtransporte durch NRW und Konzentration auf den Neubau einer zeitgem\u00e4\u00dfen Atomm\u00fclllagerhalle in J\u00fclich. Dazu geh\u00f6ren die Aufhebung der jetzigen R\u00e4umungsanordnung sowie die befristete Duldung einer Weiterlagerung in der vorhandenen J\u00fclicher Lagerhalle.<\/p>\n<p class=\"western\">Letzte Woche musste die NRW-Landesregierung nach entsprechenden Ver\u00f6ffentlichungen der Anti-Atomkraft-Initiativen gegen\u00fcber dem WDR zudem erstmals \u00f6ffentlich \u201estatische M\u00e4ngel\u201c bei der St\u00fctzung des Hallendachs des Ahauser Atomm\u00fclllagers eingestehen. Die daraufhin dauerhaft gespannten Stahlseile unter dem Dach sollen diesen M\u00e4ngeln entgegenwirken. Welchen langfristigen Effekt die Ma\u00dfnahme hat, ist noch unklar.<\/p>\n<p class=\"western\"><strong>F\u00fcr Sonntag, 19. Januar, rufen wir in Ahaus um 14 Uhr ab Rathaus Ahaus zu einem neuen Anti-Atom-Sonntagsspaziergang auf. Ziel ist erneut der Tobit-Kreisverkehr am Schumacher-Ring \/ Legdener Stra\u00dfe.<\/strong><\/p>\n","protected":false},"excerpt":{"rendered":"<p>Update: Es r\u00fcckte tats\u00e4chlich keine Baufirma am Kreisverkehr an! F\u00fcr die Bauarbeiten fehlt konkret die Schwerlast-Transport-Genehmigung, die offenbar unabh\u00e4ngig von der atomrechtlichen Transportgenehmigung erteilt wird. \u00dcberraschende Kehrtwende in Ahaus: Die \u201etaz\u201c meldete am gestrigen Sonntag, dass das NRW-Verkehrsministerium in letzter Minute den f\u00fcr heute geplanten Beginn des Umbaus eines Kreisverkehrs<span class=\"more-link\"><a href=\"https:\/\/sofa-ms.de\/?p=3206\">lies mehr<\/a><\/span><\/p>\n","protected":false},"author":3,"featured_media":0,"comment_status":"closed","ping_status":"closed","sticky":false,"template":"","format":"standard","meta":{"footnotes":""},"categories":[6,5,25,26,13,10],"tags":[],"class_list":["entry","author-red-sofa","post-3206","post","type-post","status-publish","format-standard","category-ahaus","category-aktuelles","category-atommuell","category-castor","category-demos","category-juelich"],"_links":{"self":[{"href":"https:\/\/sofa-ms.de\/index.php?rest_route=\/wp\/v2\/posts\/3206","targetHints":{"allow":["GET"]}}],"collection":[{"href":"https:\/\/sofa-ms.de\/index.php?rest_route=\/wp\/v2\/posts"}],"about":[{"href":"https:\/\/sofa-ms.de\/index.php?rest_route=\/wp\/v2\/types\/post"}],"author":[{"embeddable":true,"href":"https:\/\/sofa-ms.de\/index.php?rest_route=\/wp\/v2\/users\/3"}],"replies":[{"embeddable":true,"href":"https:\/\/sofa-ms.de\/index.php?rest_route=%2Fwp%2Fv2%2Fcomments&post=3206"}],"version-history":[{"count":4,"href":"https:\/\/sofa-ms.de\/index.php?rest_route=\/wp\/v2\/posts\/3206\/revisions"}],"predecessor-version":[{"id":3210,"href":"https:\/\/sofa-ms.de\/index.php?rest_route=\/wp\/v2\/posts\/3206\/revisions\/3210"}],"wp:attachment":[{"href":"https:\/\/sofa-ms.de\/index.php?rest_route=%2Fwp%2Fv2%2Fmedia&parent=3206"}],"wp:term":[{"taxonomy":"category","embeddable":true,"href":"https:\/\/sofa-ms.de\/index.php?rest_route=%2Fwp%2Fv2%2Fcategories&post=3206"},{"taxonomy":"post_tag","embeddable":true,"href":"https:\/\/sofa-ms.de\/index.php?rest_route=%2Fwp%2Fv2%2Ftags&post=3206"}],"curies":[{"name":"wp","href":"https:\/\/api.w.org\/{rel}","templated":true}]}}