{"id":3329,"date":"2025-04-07T09:53:13","date_gmt":"2025-04-07T07:53:13","guid":{"rendered":"https:\/\/sofa-ms.de\/?p=3329"},"modified":"2025-04-12T23:47:12","modified_gmt":"2025-04-12T21:47:12","slug":"atommuell-probleme-ein-knackpunkt-der-koalitionsverhandlungen-demos-in-gronau-juelich-ahaus","status":"publish","type":"post","link":"https:\/\/sofa-ms.de\/?p=3329","title":{"rendered":"Atomm\u00fcll-Probleme &#8211; ein Knackpunkt der Koalitionsverhandlungen? Demos in Gronau, J\u00fclich &#038; Ahaus"},"content":{"rendered":"<ul>\n<li>\n<p class=\"western\"><b>152 Castortransporte von J\u00fclich nach Ahaus stehen bevor<\/b><\/p>\n<\/li>\n<li>\n<p class=\"western\"><b>Gronauer Uranm\u00fcll-Berg w\u00e4chst<\/b><\/p>\n<\/li>\n<li>\n<p class=\"western\"><b>Karfreitag, 18. April: <a href=\"https:\/\/ostermarsch-gronau.de\/\" target=\"_blank\" rel=\"noopener\">Ostermarsch<\/a> zur Gronauer Urananreicherungsanlage<\/b><\/p>\n<\/li>\n<li>\n<p class=\"western\"><b>Tschernobyl-Tag, 26. April: \u201eAtomm\u00fcll-Probleme aussitzen\u201c in J\u00fclich &amp; Ahaus<\/b><\/p>\n<\/li>\n<\/ul>\n<p class=\"western\" align=\"left\"><img loading=\"lazy\" decoding=\"async\" class=\" wp-image-3323 alignleft\" src=\"https:\/\/sofa-ms.de\/wp-content\/uploads\/2025\/03\/Atommuellprobleme-aussitzen26-04-300x149.png\" alt=\"\" width=\"332\" height=\"165\" srcset=\"https:\/\/sofa-ms.de\/wp-content\/uploads\/2025\/03\/Atommuellprobleme-aussitzen26-04-300x149.png 300w, https:\/\/sofa-ms.de\/wp-content\/uploads\/2025\/03\/Atommuellprobleme-aussitzen26-04-1024x508.png 1024w, https:\/\/sofa-ms.de\/wp-content\/uploads\/2025\/03\/Atommuellprobleme-aussitzen26-04-768x381.png 768w, https:\/\/sofa-ms.de\/wp-content\/uploads\/2025\/03\/Atommuellprobleme-aussitzen26-04-1536x762.png 1536w, https:\/\/sofa-ms.de\/wp-content\/uploads\/2025\/03\/Atommuellprobleme-aussitzen26-04-465x231.png 465w, https:\/\/sofa-ms.de\/wp-content\/uploads\/2025\/03\/Atommuellprobleme-aussitzen26-04-695x345.png 695w, https:\/\/sofa-ms.de\/wp-content\/uploads\/2025\/03\/Atommuellprobleme-aussitzen26-04.png 1999w\" sizes=\"auto, (max-width: 332px) 100vw, 332px\" \/>Die j\u00fcngsten Vorschl\u00e4ge der CDU\/CSU zur Atomkraft sind absurd. Gerade erst wurden sieben Castorbeh\u00e4lter von Sellafield (GB) ins Zwischenlager Ohu\/Isar in Bayern gebracht, 152 Castortransporte quer \u00fcber NRW-Autobahnen von J\u00fclich nach Ahaus stehen bevor und aus der Urananreicherungsanlage Gronau wird wieder vermehrt Uranm\u00fcll Richtung Frankreich gebracht, der irgendwann zur\u00fcckkommen soll. Dabei wird die Endlagersuche noch 80-100 Jahre dauern \u2013 daf\u00fcr sind die derzeitigen Atomm\u00fcllzwischenlager nicht ausgelegt und der Gronauer Uranm\u00fcll ist in diesem Endlager noch nicht eingeplant! Daf\u00fcr w\u00e4re ein weiteres Endlager notwendig.<\/p>\n<p class=\"western\" align=\"left\"><span style=\"font-size: large;\"><b>Castor-Transporte zeigen das Atomm\u00fcll-Dilemma \u2013 l\u00f6sen es aber nicht<\/b><\/span><\/p>\n<p class=\"western\" align=\"left\"><img loading=\"lazy\" decoding=\"async\" class=\"size-medium wp-image-3335 alignleft\" src=\"https:\/\/sofa-ms.de\/wp-content\/uploads\/2025\/04\/Atommuellprobleme-aussitzen26-04-Juelich-300x149.png\" alt=\"\" width=\"300\" height=\"149\" srcset=\"https:\/\/sofa-ms.de\/wp-content\/uploads\/2025\/04\/Atommuellprobleme-aussitzen26-04-Juelich-300x149.png 300w, https:\/\/sofa-ms.de\/wp-content\/uploads\/2025\/04\/Atommuellprobleme-aussitzen26-04-Juelich-1024x508.png 1024w, https:\/\/sofa-ms.de\/wp-content\/uploads\/2025\/04\/Atommuellprobleme-aussitzen26-04-Juelich-768x381.png 768w, https:\/\/sofa-ms.de\/wp-content\/uploads\/2025\/04\/Atommuellprobleme-aussitzen26-04-Juelich-1536x762.png 1536w, https:\/\/sofa-ms.de\/wp-content\/uploads\/2025\/04\/Atommuellprobleme-aussitzen26-04-Juelich-465x231.png 465w, https:\/\/sofa-ms.de\/wp-content\/uploads\/2025\/04\/Atommuellprobleme-aussitzen26-04-Juelich-695x345.png 695w, https:\/\/sofa-ms.de\/wp-content\/uploads\/2025\/04\/Atommuellprobleme-aussitzen26-04-Juelich.png 1999w\" sizes=\"auto, (max-width: 300px) 100vw, 300px\" \/>Die Unions-Pl\u00e4ne will nach den Absagen der AKW-Betreiber, die AKW-Ruinen nun verstaatlichen und mit irren Subventionen wieder aufbauen, aber das Wort \u201eAtomm\u00fcll\u201c taucht noch nicht einmal im Arbeitsgruppen-Papier der Koalitionsverhandlungen auf &#8211; das ist absurd! Einem Bericht der Aachener Zeitung zufolge ist das Fehlen der Atomm\u00fcllproblematik im Arbeitsgruppen-Papier ein Hinweis darauf, dass die Atomm\u00fcllproblematik und die zahlreichen Castortransporte \u2013 geplant sind auch welche aus dem Forschungsreaktor Garching bei M\u00fcnchen nach Ahaus \u2013 Thema der Chef-Verhandlungsgruppe sein k\u00f6nnten.<\/p>\n<p class=\"western\" align=\"left\">Das AKW-Comeback der CDU\/CSU wird sich ganz schnell als Bumerang erweisen, wenn die zahlreichen Castor-Transporte gegen den Willen der schwarz-gr\u00fcnen NRW-Landesregierung und der Bev\u00f6lkerung durchgef\u00fchrt werden. Durch die st\u00e4ndige Atomm\u00fcllverschiebung von einer untauglichen Halle in die n\u00e4chste wird ja die Entsorgung nicht gel\u00f6st. Auch die ohnehin schon schwierige Endlagersuche wird mit noch mehr Atomm\u00fcll f\u00fcr weite Teile der Bev\u00f6lkerung wieder brisanter.<\/p>\n<p class=\"western\" align=\"left\">Mit angemeldeten Kundgebungen und \u201eProbe-Sitzblockaden\u201c wollen die Atomkraftgegner_innen am Jahrestag der Tschernobyl-Katastrophe, dem 26. April um 14 Uhr vor den Toren des J\u00fclicher Forschungszentrums und dem Ahauser Atomm\u00fclllager ein Zeichen gegen die Atomm\u00fcllverschiebung und die AKW-Pl\u00e4ne der Union setzen. Ob jung, ob alt, wir machen es wie die AKW-Fans der Union und die Atomm\u00fcllverursacher, wir sitzen die Atomm\u00fcllproblematik einfach aus, indem wir uns der unsinnigen Atomm\u00fcllverschiebung in den Weg setzen! Seid dabei, bringt Freunde und Bekannte mit!<\/p>\n<p class=\"western\" align=\"left\"><span style=\"font-size: large;\"><b><a href=\"https:\/\/ostermarsch-gronau.de\/\" target=\"_blank\" rel=\"noopener\"><img loading=\"lazy\" decoding=\"async\" class=\"alignright wp-image-3332 size-medium\" src=\"https:\/\/sofa-ms.de\/wp-content\/uploads\/2025\/04\/Ostermarsch_2025_Plakat-212x300.jpg\" alt=\"\" width=\"212\" height=\"300\" srcset=\"https:\/\/sofa-ms.de\/wp-content\/uploads\/2025\/04\/Ostermarsch_2025_Plakat-212x300.jpg 212w, https:\/\/sofa-ms.de\/wp-content\/uploads\/2025\/04\/Ostermarsch_2025_Plakat-724x1024.jpg 724w, https:\/\/sofa-ms.de\/wp-content\/uploads\/2025\/04\/Ostermarsch_2025_Plakat-768x1087.jpg 768w, https:\/\/sofa-ms.de\/wp-content\/uploads\/2025\/04\/Ostermarsch_2025_Plakat-1086x1536.jpg 1086w, https:\/\/sofa-ms.de\/wp-content\/uploads\/2025\/04\/Ostermarsch_2025_Plakat-1448x2048.jpg 1448w, https:\/\/sofa-ms.de\/wp-content\/uploads\/2025\/04\/Ostermarsch_2025_Plakat-389x550.jpg 389w, https:\/\/sofa-ms.de\/wp-content\/uploads\/2025\/04\/Ostermarsch_2025_Plakat-353x500.jpg 353w, https:\/\/sofa-ms.de\/wp-content\/uploads\/2025\/04\/Ostermarsch_2025_Plakat.jpg 1753w\" sizes=\"auto, (max-width: 212px) 100vw, 212px\" \/><\/a>Ostermarsch gegen unbegrenzte Uranm\u00fcll-Produktion und atomares Wettr\u00fcsten<\/b><\/span><\/p>\n<p class=\"western\" align=\"left\">Die Gronauer Urananreicherungsanlage steht ganz am Anfang der Problematik, denn bevor Uran in AKW zum Einsatz kommen kann, fallen bei der Anreicherung schon gro\u00dfe Mengen Uranm\u00fcll in Form von abgereichertem Uranhexafluorid an. Bislang wird das brisante Material in Containern neben der Urananreicherungsanlage unter freien Himmel gelagert, zudem wurden gro\u00dfe Mengen auch nach Russland verbracht. Aktuell wird es auch immer wieder mit Sonderz\u00fcgen zur Umwandlung in Uranoxid nach Frankreich transportiert. Die zur Lagerung des Uranoxids daf\u00fcr in Gronau gebaute Halle wird jedoch seit 11 Jahren nicht genutzt und das Lager ist noch immer leer. Sowohl als abgereichertes Uranhexafluorid als auch als Uranoxid ist das Material nicht mehr brauchbar, also streng genommen Atomm\u00fcll. Der Betreiber der Urananreicherungsanlage, der Urenco-Konzern, und die Atompolitik wollen offenbar vermeiden, dass diese besonderen Atomm\u00fcllmengen in den Blickpunkt der \u00d6ffentlichkeit geraten. Urananreicherung ist nach wie vor als einfachster Weg zur Atombombe &#8211; wir fordern die Stilllegung der Urananreicherungsanlage.<\/p>\n<p class=\"western\" align=\"left\">Im atomaren Wettr\u00fcsten sehen wir keine Sicherheit, sondern eine Bedrohung, insbesondere wenn Despoten und narzisstische Egoisten in der Weltpolitik am Werke sind. Deswegen rufen wir am Karfreitag, 18. April zum <a href=\"https:\/\/ostermarsch-gronau.de\/\" target=\"_blank\" rel=\"noopener\">Gronauer Ostermarsch<\/a> auf. Auftaktkundgebung ist um 13 Uhr am Bahnhof Gronauer (Westf.), danach f\u00fchrt der Ostermarsch circa 4 Kilometer zur Urananreicherungsanlage (R\u00f6ntgenstr. 4).<\/p>\n","protected":false},"excerpt":{"rendered":"<p>152 Castortransporte von J\u00fclich nach Ahaus stehen bevor Gronauer Uranm\u00fcll-Berg w\u00e4chst Karfreitag, 18. April: Ostermarsch zur Gronauer Urananreicherungsanlage Tschernobyl-Tag, 26. April: \u201eAtomm\u00fcll-Probleme aussitzen\u201c in J\u00fclich &amp; Ahaus Die j\u00fcngsten Vorschl\u00e4ge der CDU\/CSU zur Atomkraft sind absurd. Gerade erst wurden sieben Castorbeh\u00e4lter von Sellafield (GB) ins Zwischenlager Ohu\/Isar in Bayern gebracht,<span class=\"more-link\"><a href=\"https:\/\/sofa-ms.de\/?p=3329\">lies mehr<\/a><\/span><\/p>\n","protected":false},"author":3,"featured_media":0,"comment_status":"closed","ping_status":"closed","sticky":false,"template":"","format":"standard","meta":{"footnotes":""},"categories":[6,5,25,22,26,13,7,10,12],"tags":[],"class_list":["entry","author-red-sofa","post-3329","post","type-post","status-publish","format-standard","category-ahaus","category-aktuelles","category-atommuell","category-atomwaffen","category-castor","category-demos","category-gronau","category-juelich","category-urantransporte"],"_links":{"self":[{"href":"https:\/\/sofa-ms.de\/index.php?rest_route=\/wp\/v2\/posts\/3329","targetHints":{"allow":["GET"]}}],"collection":[{"href":"https:\/\/sofa-ms.de\/index.php?rest_route=\/wp\/v2\/posts"}],"about":[{"href":"https:\/\/sofa-ms.de\/index.php?rest_route=\/wp\/v2\/types\/post"}],"author":[{"embeddable":true,"href":"https:\/\/sofa-ms.de\/index.php?rest_route=\/wp\/v2\/users\/3"}],"replies":[{"embeddable":true,"href":"https:\/\/sofa-ms.de\/index.php?rest_route=%2Fwp%2Fv2%2Fcomments&post=3329"}],"version-history":[{"count":4,"href":"https:\/\/sofa-ms.de\/index.php?rest_route=\/wp\/v2\/posts\/3329\/revisions"}],"predecessor-version":[{"id":3336,"href":"https:\/\/sofa-ms.de\/index.php?rest_route=\/wp\/v2\/posts\/3329\/revisions\/3336"}],"wp:attachment":[{"href":"https:\/\/sofa-ms.de\/index.php?rest_route=%2Fwp%2Fv2%2Fmedia&parent=3329"}],"wp:term":[{"taxonomy":"category","embeddable":true,"href":"https:\/\/sofa-ms.de\/index.php?rest_route=%2Fwp%2Fv2%2Fcategories&post=3329"},{"taxonomy":"post_tag","embeddable":true,"href":"https:\/\/sofa-ms.de\/index.php?rest_route=%2Fwp%2Fv2%2Ftags&post=3329"}],"curies":[{"name":"wp","href":"https:\/\/api.w.org\/{rel}","templated":true}]}}