{"id":3476,"date":"2025-09-05T09:40:47","date_gmt":"2025-09-05T07:40:47","guid":{"rendered":"https:\/\/sofa-ms.de\/?p=3476"},"modified":"2025-09-05T00:04:51","modified_gmt":"2025-09-04T22:04:51","slug":"heute-merz-und-wuest-in-juelich-13-uhr-mahnwache-vor-dem-forschungszentrum","status":"publish","type":"post","link":"https:\/\/sofa-ms.de\/?p=3476","title":{"rendered":"Heute Merz und W\u00fcst in J\u00fclich &#8211; 13 Uhr Mahnwache vor dem Forschungszentrum"},"content":{"rendered":"<ul>\n<li class=\"western\"><span style=\"font-size: large;\"><b>Einweihung des Superrechners JUPITER<\/b><\/span><\/li>\n<li>\n<p class=\"western\"><span style=\"font-size: large;\"><b>1970er gescheiterte Atomm\u00fcll-Wiederaufbereitungsanlage: JUPITER <\/b><\/span><\/p>\n<\/li>\n<li><span style=\"font-size: large;\"><b>Scharfe Kritik auch an Bundesumweltministerium<\/b><\/span><\/li>\n<\/ul>\n<p class=\"western\"><span style=\"color: #000000;\"><span style=\"font-family: DejaVu Sans, sans-serif;\"><span style=\"font-size: small;\">Bundeskanzler Friedrich Merz und NRW-Ministerpr\u00e4sident Hendrik W\u00fcst (beide CDU) nehmen heute an der feierlichen Einweihung des ersten europ\u00e4ischen Superrechners \u201eJupiter\u201c im Forschungszentrum J\u00fclich teil. <\/span><\/span><\/span><span style=\"color: #000000;\"><span style=\"font-family: DejaVu Sans, sans-serif;\"><span style=\"font-size: small;\">Das Aktionsb\u00fcndnis \u201eStop Westcastor\u201c J\u00fclich veranstaltet eine Mahnwache, um auf die Atomm\u00fcllproblematik in J\u00fclich aufmerksam zu machen.<\/span><\/span><\/span><span style=\"color: #000000;\"><span style=\"font-family: DejaVu Sans, sans-serif;\"><span style=\"font-size: small;\"> Sie beginnt um 13 Uhr vor dem Haupttor des Forschungszentrums an der Wilhelm-Johnen-Stra\u00dfe. Das Aktionsb\u00fcndnis fordert zusammen mit den Anti-Atomkraft-Initiativen aus dem M\u00fcnsterland und dem Bundesverband B\u00fcrgerinitiativen Umweltschutz (BBU) einen Verzicht auf die jahrelangen, sinnlosen 152 Transporte des hochradioaktiven Atomm\u00fclls aus J\u00fclich \u00fcber marode Autobahnen ins Zwischenlager Ahaus. Zuletzt hatte Ministerpr\u00e4sident W\u00fcst gesagt, er k\u00f6nne auf jeden Castor-Transport gut verzichten.<\/span><\/span><\/span><\/p>\n<p class=\"western\"><span style=\"font-family: DejaVu Sans, sans-serif;\"><span style=\"font-size: medium;\"><b>Jupiter: Name der gescheiterten Atomm\u00fcll-Aufarbeitung in J\u00fclich<\/b><\/span><\/span><\/p>\n<p class=\"western\"><span style=\"color: #000000;\"><span style=\"font-family: DejaVu Sans, sans-serif;\"><span style=\"font-size: small;\">Das Forschungszentrum J\u00fclich will sein atomares Erbe nicht nur in Form von 152 Castor-Beh\u00e4ltern loswerden, sondern auch die Geschichte der eigenen, gescheiterten Atomm\u00fcllwiederaufarbeitungsanlage \u00fcberschreiben: Genau wie der neue Super-Computer hie\u00df diese Anlage \u201eJUPITER\u201c \u2013 &#8222;Juelich Pilot Plant for Thorium Element Reprocessing&#8220;. Die Anlage ging allerdings nie in Betrieb, weil die Brennelemente-kugeln, die nun nach Ahaus gebracht werden sollen, zur Wiederaufarbeitung ungeeignet waren. Dies d\u00fcrfte nach Ansicht der Anti-Atomkraft-Initiativen auch bei der sp\u00e4teren Endlagerung f\u00fcr Probleme sorgen. Das Forschungszentrum J\u00fclich muss sich endlich seiner Verantwortung f\u00fcr den eigenen Atomm\u00fcll stellen, statt den Atomm\u00fcll zu verschieben<\/span><\/span><\/span><span style=\"color: #000000;\"><span style=\"font-family: DejaVu Sans, sans-serif;\"><span style=\"font-size: small;\">!<\/span><\/span><\/span><\/p>\n<p class=\"western\"><span style=\"font-family: DejaVu Sans, sans-serif;\"><span style=\"font-size: medium;\"><b>Ahaus \u2013 Sackgasse f\u00fcr J\u00fclicher Atomm\u00fcll<\/b><\/span><\/span><\/p>\n<p class=\"western\"><span style=\"color: #000000;\"><span style=\"font-family: DejaVu Sans, sans-serif;\"><span style=\"font-size: small;\">In Ahaus ist weder eine Konditionierung des J\u00fclicher Atomm\u00fclls m\u00f6glich noch gibt es eine hei\u00dfe Zelle f\u00fcr eventuell zuk\u00fcnftig notwendige Untersuchungen des Atomm\u00fclls. Beides ist auch nicht vorgesehen und rechtlich ausgeschlossen. In J\u00fclich werden hingegen Fakten geschaffen: Die verbliebenen Hei\u00dfen Zellen befinden sich<\/span><\/span><\/span> <span style=\"color: #000000;\"><span style=\"font-family: DejaVu Sans, sans-serif;\"><span style=\"font-size: small;\">im R\u00fcckbau. Ohne vorherige Kl\u00e4rung der Endlagerfrage machen Atomm\u00fclltransporte von A nach B keinen Sinn. Der Ministerpr\u00e4sident trifft diese Woche bereits zum dritten Mal den Bundeskanzler \u2013 jetzt muss er sich auf h\u00f6chster Ebene f\u00fcr einen Stopp des Castor-Wahnsinns einsetzen. Jeder Castor-Transport bringt neue Risiken und auch in Ahaus l\u00e4uft die Lagergenehmigung schon 2036 aus. Die Politik hat sich hier v\u00f6llig verrannt und muss aus der Sackgasse raus<\/span><\/span><\/span><span style=\"color: #000000;\"><span style=\"font-family: DejaVu Sans, sans-serif;\"><span style=\"font-size: small;\">.<\/span><\/span><\/span><\/p>\n<p class=\"western\"><span style=\"font-family: DejaVu Sans, sans-serif;\"><span style=\"font-size: medium;\"><b>Bundesumweltministerium ignoriert Atomm\u00fcllprobleme<\/b><\/span><\/span><\/p>\n<p class=\"western\"><span style=\"font-family: DejaVu Sans, sans-serif;\"><span style=\"font-size: small;\">Scharfe Kritik \u00e4u\u00dfern die Initiativen auch an der Staatssekret\u00e4rin Schwarzel\u00fchr-Sutter (SPD) aus dem Bundesumweltministerium. Sie hatte in der Rheinischen Post gesagt, die Castor-Transporte nach Ahaus seien der \u201eschnellste und sicherste Weg\u201c. Au\u00dferdem produziere Deutschland keinen Atomm\u00fcll mehr. Beides ist sachlich falsch:<\/span><\/span><\/p>\n<p class=\"western\"><span style=\"color: #000000;\"><span style=\"font-family: DejaVu Sans, sans-serif;\"><span style=\"font-size: small;\">Jahrelange Atomm\u00fclltransporte \u00fcber die Autobahnen in riesigen Polizei-Konvois sind weder schnell noch sicher, sondern schaffen eine ganz neue Bedrohungslage f\u00fcr NRW. Die Gewerkschaft der Polizei hat das erkannt, das Bundesumweltministerium blendet das v\u00f6llig aus<\/span><\/span><\/span><span style=\"color: #000000;\"><span style=\"font-family: DejaVu Sans, sans-serif;\"><span style=\"font-size: small;\">. <\/span><\/span><\/span><span style=\"color: #000000;\"><span style=\"font-family: DejaVu Sans, sans-serif;\"><span style=\"font-size: small;\">Wenige Kilometer n\u00f6rdlich von Ahaus fallen in der Urananreicherungsanlage Gronau jedes Jahr Tausende Tonnen abgereichertes Uranhexafluorid als radioaktiver Abfall an. Auch angereichertes Uran wird sp\u00e4ter zu Atomm\u00fcll, der in einem Castor-Beh\u00e4lter verpackt und zwischengelagert werden muss. Wenn das Bundesumweltministerium also neuen Atomm\u00fcll vermeiden will, sollte es umgehend die Stilllegung der Urananreicherungsanlage Gronau einleiten. Der Atomausstieg ist noch lange nicht vollendet.<\/span><\/span><\/span><\/p>\n<p class=\"western\"><span style=\"color: #000000;\"><span style=\"font-family: DejaVu Sans, sans-serif;\"><span style=\"font-size: small;\">F\u00fcr den 4. Oktober rufen wir zu einer gro\u00dfen Demonstration in der Innenstadt von Ahaus auf. Bereits am Sonntag hatten 300 Menschen am Zwischenlager in Ahaus protestiert. Weitere Proteste sind in Vorbereitung.<\/span><\/span><\/span><\/p>\n","protected":false},"excerpt":{"rendered":"<p>Einweihung des Superrechners JUPITER 1970er gescheiterte Atomm\u00fcll-Wiederaufbereitungsanlage: JUPITER Scharfe Kritik auch an Bundesumweltministerium Bundeskanzler Friedrich Merz und NRW-Ministerpr\u00e4sident Hendrik W\u00fcst (beide CDU) nehmen heute an der feierlichen Einweihung des ersten europ\u00e4ischen Superrechners \u201eJupiter\u201c im Forschungszentrum J\u00fclich teil. Das Aktionsb\u00fcndnis \u201eStop Westcastor\u201c J\u00fclich veranstaltet eine Mahnwache, um auf die Atomm\u00fcllproblematik in<span class=\"more-link\"><a href=\"https:\/\/sofa-ms.de\/?p=3476\">lies mehr<\/a><\/span><\/p>\n","protected":false},"author":3,"featured_media":0,"comment_status":"closed","ping_status":"closed","sticky":false,"template":"","format":"standard","meta":{"footnotes":""},"categories":[6,5,25,26,13,10],"tags":[],"class_list":["entry","author-red-sofa","post-3476","post","type-post","status-publish","format-standard","category-ahaus","category-aktuelles","category-atommuell","category-castor","category-demos","category-juelich"],"_links":{"self":[{"href":"https:\/\/sofa-ms.de\/index.php?rest_route=\/wp\/v2\/posts\/3476","targetHints":{"allow":["GET"]}}],"collection":[{"href":"https:\/\/sofa-ms.de\/index.php?rest_route=\/wp\/v2\/posts"}],"about":[{"href":"https:\/\/sofa-ms.de\/index.php?rest_route=\/wp\/v2\/types\/post"}],"author":[{"embeddable":true,"href":"https:\/\/sofa-ms.de\/index.php?rest_route=\/wp\/v2\/users\/3"}],"replies":[{"embeddable":true,"href":"https:\/\/sofa-ms.de\/index.php?rest_route=%2Fwp%2Fv2%2Fcomments&post=3476"}],"version-history":[{"count":1,"href":"https:\/\/sofa-ms.de\/index.php?rest_route=\/wp\/v2\/posts\/3476\/revisions"}],"predecessor-version":[{"id":3477,"href":"https:\/\/sofa-ms.de\/index.php?rest_route=\/wp\/v2\/posts\/3476\/revisions\/3477"}],"wp:attachment":[{"href":"https:\/\/sofa-ms.de\/index.php?rest_route=%2Fwp%2Fv2%2Fmedia&parent=3476"}],"wp:term":[{"taxonomy":"category","embeddable":true,"href":"https:\/\/sofa-ms.de\/index.php?rest_route=%2Fwp%2Fv2%2Fcategories&post=3476"},{"taxonomy":"post_tag","embeddable":true,"href":"https:\/\/sofa-ms.de\/index.php?rest_route=%2Fwp%2Fv2%2Ftags&post=3476"}],"curies":[{"name":"wp","href":"https:\/\/api.w.org\/{rel}","templated":true}]}}