{"id":3480,"date":"2025-09-10T00:08:33","date_gmt":"2025-09-09T22:08:33","guid":{"rendered":"https:\/\/sofa-ms.de\/?p=3480"},"modified":"2025-10-16T11:38:22","modified_gmt":"2025-10-16T09:38:22","slug":"4-10-auf-nach-ahaus-atompolitik-versagt-wir-geben-nicht-auf","status":"publish","type":"post","link":"https:\/\/sofa-ms.de\/?p=3480","title":{"rendered":"Atompolitik versagt &#8211; wir gehen am 4.10. in Ahaus auf die Stra\u00dfe!"},"content":{"rendered":"<h3>Alle Infos zur Demo auf der <a href=\"https:\/\/bi-ahaus.de\/index.php\/anti-castor-demos\" target=\"_blank\" rel=\"noopener\">Sonderseite der BI Ahaus<\/a><\/h3>\n<p>Update\/ \u00dcberarbeitung 10.09.2025<\/p>\n<p>Das atompolitische Versagen im Umgang mit Atomm\u00fcll geht weiter: Nachdem der Widerspruch des BUND NRW gegen den Sofortvollzug der Castor-Transportgenehmigung abgelehnt wurde, hat der <a href=\"der%20jetzt angeblich so dringlich zu beseitigende Rechtszustand seit 12 Jahren unt\u00e4tig hingenommen wurde, dokumentiere das Fehlen jeglicher Dringlichkeit.\" target=\"_blank\" rel=\"noopener\">BUND NRW nun Klage<\/a> beim zust\u00e4ndigen Verwaltungsgericht Berlin eingereicht: der jetzt angeblich so dringlich zu beseitigende Rechtszustand ohne Lagergenehmigung in J\u00fclich wurde seit 12 Jahren mehr oder weniger unt\u00e4tig hingenommen, dies dokumentiere das Fehlen jeglicher Dringlichkeit. Jetzt d\u00fcrfen keine Fakten geschaffen werden, bevor das Verwaltungsgericht entschieden hat.<\/p>\n<p>Ebenso hat heute der Umweltausschuss des Bundestages den <a href=\"https:\/\/www.dielinke-nrw.de\/start\/aktuell\/detail\/gruene-stimmen-gegen-antrag-zum-stopp-der-atommuell-transporte-linke-ruft-zum-protest-nach-ahaus-auf\/\" target=\"_blank\" rel=\"noopener\">Antrag der Linken<\/a>, die Castortransporte zu stoppen,\u00a0 nicht nur mit den Stimmen von CDU\/CSU, SPD, AfuckingD, sondern auch mit den Stimmen der Gr\u00fcnen abgelehnt! Also auch mit der Stimme von Steffi Lemke und Jan-Niclas Gesenhuis, der j\u00fcngst noch gemeinsam mit der Linken Abgeordneten Mareike Hermeier in einem Brief an den jetzigen Bundesumweltminister Schneider dern Stopp der Castortransporte forderte.<\/p>\n<p>In ihrem <a href=\"https:\/\/opal.landtag.nrw.de\/portal\/WWW\/dokumentenarchiv\/Dokument\/MMV18-4157.pdf\" target=\"_blank\" rel=\"noopener\">Bericht an den Wirtschaftsausschuss des Landtags NRW<\/a> legt die Chefin der Atomaufsicht Mona Neubaur (Gr\u00fcne) dar, was alles von Seiten der bundeseigenen J\u00fclicher Entsorgungsgesellschaft f\u00fcr Nuklearanlagen (JEN) als Unternehmen des Bundes, der Bundesregierung und der Genehmigungsbeh\u00f6rde BASE <strong>NICHT<\/strong> getan wurde, um die Castortransporte zu verhindern. Im Bericht steht aber auch <strong>NICHT<\/strong>, dass das Bundesumweltministerium 3 Ampel-Jahre lang von der Gr\u00fcnen Steffi Lemke gef\u00fchrt wurde, das BASE vom Gr\u00fcnen Chris K\u00fchn gef\u00fchrt wird und die Gr\u00fcnen im Bundestag-Haushaltsausschuss Castor-Transporte nach Ahaus priorisiert haben bzw. dem Land NRW Mehrkosten f\u00fcr eine Zwischenlagerung in J\u00fclich aufzwingen wollten.<\/p>\n<p>Wir stellen auch fest, dass die NRW-Landesregierung <strong>NICHT<\/strong> ernsthaft den Versuch unternommen hat, politisch zu intervenieren: Es wurden offenbar keine Sicherheitsbedenken bei 152 Transporten \u00fcber die Autobahnen gegen\u00fcber dem BASE ge\u00e4u\u00dfert, die <a href=\"https:\/\/gdpnrw.de\/duisburg\/nrw-presse\/gdp-castortransporte-waeren-ab-massnahme-fuer-die-polizei\/\" target=\"_blank\" rel=\"noopener\">Kritik der Gewerkschaft der Polizei NRW<\/a> verhallte somit auch bei Frau Neubaur, Herrn W\u00fcst und Herrn Reul offenbar wirkungslos.<\/p>\n<p>Es wurden vom Land NRW zwar Grundst\u00fccke f\u00fcr ein Zwischenlager-Neubau angeboten, aber offenbar keine ernsthaften Gespr\u00e4che \u00fcber den Streitpunkt der Kosten zwischen Land und Bund f\u00fcr ein Zwischenlager-Neubau gef\u00fchrt. Auch wurden offenbar von Seiten der NRW-Landesregierung <strong>NICHT<\/strong> nachgehakt, warum sich die \u00dcbereignung der Grundst\u00fccke\u00a0 verz\u00f6gert oder immer noch Antrag f\u00fcr ein neues Zwischenlager in J\u00fclich fehlt. Dies wurde vor kurzem auch vom <a href=\"https:\/\/sofa-ms.de\/?p=3398\" target=\"_blank\" rel=\"noopener\">Bundesumweltministerium best\u00e4tigt<\/a>. Ebenfalls sieht sich Frau Neubaur trotz widerleger Erdbebengefahr nicht der Lage, die R\u00e4umungsverf\u00fcgung f\u00fcr das bestehende J\u00fclicher Zwischenlager aufzuheben, diese ist aber laut BASE (Gr\u00fcn gef\u00fchrt, s.o.) der juristisch zwingende Grund f\u00fcr die Castor-Transporte. Gleichzeitig klingt durch, dass das BASE mehrfach die Anforderungen an das J\u00fclicher Zwischenlager ge\u00e4ndert hat, weshalb das Lager keine neue Genehmigung bekommen k\u00f6nne&#8230; Diese Gr\u00fcnde halten wir f\u00fcr vorgeschoben! F\u00fcr das Zwischenlager Ahaus gilt laut OVG M\u00fcnster ja, es sei sicher, weil es eine Genehmigung habe &#8211; j\u00fcngste weitere Anforderungen des BASE sind nicht bekannt.<\/p>\n<p><a href=\"https:\/\/sofa-ms.de\/wp-content\/uploads\/2025\/09\/Aufruf-kurz-4.10.Ahaus_.pdf\" target=\"_blank\" rel=\"noopener\">kurzer Demo-Aufruf als PDF<\/a> \u00a0 <a href=\"https:\/\/sofa-ms.de\/wp-content\/uploads\/2025\/09\/Aufruf-lang-4.10.Ahaus_-1.pdf\" target=\"_blank\" rel=\"noopener\">langer Demo-Aufruf mit Hintergrund-Infos als PDF<\/a><\/p>\n<h2 style=\"text-align: center;\">Wir rufen deshalb zur gro\u00dfen Demo am 4. Oktober in Ahaus auf:<\/h2>\n<h3 style=\"text-align: center;\">Castor-Alarm in Ahaus!<\/h3>\n<p>Mit \u00fcber 150 Autobahn-Transporten von hochradioaktivem Atomm\u00fcll aus dem Forschungszentrum J\u00fclich und dem Forschungsreaktor Garching bei M\u00fcnchen ins Zwischenlager Ahaus droht ab Mitte Oktober die gr\u00f6\u00dfte Castor-Transportserie in der Geschichte der Bundesrepublik.<\/p>\n<ol>\n<li>Die Endlagerfrage ist ungel\u00f6st!<\/li>\n<li>Unter allen genehmigten Zwischenlagern in Deutschland ist Ahaus (neben Gorleben) das mit den niedrigsten Sicherheitsstandards<\/li>\n<li>2036 l\u00e4uft die Genehmigung f\u00fcr das Zwischenlager Ahaus aus \u2013 eine simple Verl\u00e4ngerung ist nicht hinnehmbar.<\/li>\n<li>Jeder Atomm\u00fclltransport \u00fcber die maroden Autobahnen mit riesiger Polizeibegleitung schafft eine neue Gefahrenlage.<\/li>\n<\/ol>\n<p><strong>Deshalb fordern wir:<\/strong><\/p>\n<ul>\n<li>Der Atomm\u00fcll muss bis zur Kl\u00e4rung der Endlagerfrage bleiben, wo er ist!<\/li>\n<li>M\u00f6glichst sichere Zwischenlager an allen Standorten jetzt!<\/li>\n<li>Um die Produktion von neuem Atomm\u00fcll zu vermeiden, fordern wir die sofortige Stilllegung des Forschungsreaktors Garching bei M\u00fcnchen, der Urananreicherungsanlage Gronau und der Brennelementefabrik Lingen.<\/li>\n<\/ul>\n<p><strong>Umfassender Atomausstieg jetzt!<\/strong><\/p>\n<h2><img loading=\"lazy\" decoding=\"async\" class=\"size-medium wp-image-2814 aligncenter\" src=\"https:\/\/sofa-ms.de\/wp-content\/uploads\/2023\/10\/231015-Ahaus-5-300x134.jpg\" alt=\"\" width=\"300\" height=\"134\" srcset=\"https:\/\/sofa-ms.de\/wp-content\/uploads\/2023\/10\/231015-Ahaus-5-300x134.jpg 300w, https:\/\/sofa-ms.de\/wp-content\/uploads\/2023\/10\/231015-Ahaus-5-1024x458.jpg 1024w, https:\/\/sofa-ms.de\/wp-content\/uploads\/2023\/10\/231015-Ahaus-5-768x344.jpg 768w, https:\/\/sofa-ms.de\/wp-content\/uploads\/2023\/10\/231015-Ahaus-5-1536x687.jpg 1536w, https:\/\/sofa-ms.de\/wp-content\/uploads\/2023\/10\/231015-Ahaus-5-2048x916.jpg 2048w, https:\/\/sofa-ms.de\/wp-content\/uploads\/2023\/10\/231015-Ahaus-5-465x208.jpg 465w, https:\/\/sofa-ms.de\/wp-content\/uploads\/2023\/10\/231015-Ahaus-5-695x311.jpg 695w\" sizes=\"auto, (max-width: 300px) 100vw, 300px\" \/><\/h2>\n<h2 style=\"text-align: center;\">Stoppen wir den Castor-Wahnsinn, bevor er losgeht!<\/h2>\n<h2 style=\"text-align: center;\">Kommt am 4. Oktober zur Demo nach Ahaus!<\/h2>\n<h3>Los geht\u2018s um 11 Uhr am Rathaus in der Fu\u00dfg\u00e4ngerzone! Bringt family and friends mit!<\/h3>\n<h3>Alle Infos zur Demo auf der <a href=\"https:\/\/bi-ahaus.de\/index.php\/anti-castor-demos\" target=\"_blank\" rel=\"noopener\">Sonderseite der BI Ahaus<\/a><\/h3>\n","protected":false},"excerpt":{"rendered":"<p>Alle Infos zur Demo auf der Sonderseite der BI Ahaus Update\/ \u00dcberarbeitung 10.09.2025 Das atompolitische Versagen im Umgang mit Atomm\u00fcll geht weiter: Nachdem der Widerspruch des BUND NRW gegen den Sofortvollzug der Castor-Transportgenehmigung abgelehnt wurde, hat der BUND NRW nun Klage beim zust\u00e4ndigen Verwaltungsgericht Berlin eingereicht: der jetzt angeblich so<span class=\"more-link\"><a href=\"https:\/\/sofa-ms.de\/?p=3480\">lies mehr<\/a><\/span><\/p>\n","protected":false},"author":3,"featured_media":0,"comment_status":"closed","ping_status":"closed","sticky":false,"template":"","format":"standard","meta":{"footnotes":""},"categories":[6,5,25,26,13,11,10],"tags":[],"class_list":["entry","author-red-sofa","post-3480","post","type-post","status-publish","format-standard","category-ahaus","category-aktuelles","category-atommuell","category-castor","category-demos","category-garching","category-juelich"],"_links":{"self":[{"href":"https:\/\/sofa-ms.de\/index.php?rest_route=\/wp\/v2\/posts\/3480","targetHints":{"allow":["GET"]}}],"collection":[{"href":"https:\/\/sofa-ms.de\/index.php?rest_route=\/wp\/v2\/posts"}],"about":[{"href":"https:\/\/sofa-ms.de\/index.php?rest_route=\/wp\/v2\/types\/post"}],"author":[{"embeddable":true,"href":"https:\/\/sofa-ms.de\/index.php?rest_route=\/wp\/v2\/users\/3"}],"replies":[{"embeddable":true,"href":"https:\/\/sofa-ms.de\/index.php?rest_route=%2Fwp%2Fv2%2Fcomments&post=3480"}],"version-history":[{"count":7,"href":"https:\/\/sofa-ms.de\/index.php?rest_route=\/wp\/v2\/posts\/3480\/revisions"}],"predecessor-version":[{"id":3511,"href":"https:\/\/sofa-ms.de\/index.php?rest_route=\/wp\/v2\/posts\/3480\/revisions\/3511"}],"wp:attachment":[{"href":"https:\/\/sofa-ms.de\/index.php?rest_route=%2Fwp%2Fv2%2Fmedia&parent=3480"}],"wp:term":[{"taxonomy":"category","embeddable":true,"href":"https:\/\/sofa-ms.de\/index.php?rest_route=%2Fwp%2Fv2%2Fcategories&post=3480"},{"taxonomy":"post_tag","embeddable":true,"href":"https:\/\/sofa-ms.de\/index.php?rest_route=%2Fwp%2Fv2%2Ftags&post=3480"}],"curies":[{"name":"wp","href":"https:\/\/api.w.org\/{rel}","templated":true}]}}