{"id":3683,"date":"2026-03-12T11:48:27","date_gmt":"2026-03-12T10:48:27","guid":{"rendered":"https:\/\/sofa-ms.de\/?p=3683"},"modified":"2026-03-12T18:14:47","modified_gmt":"2026-03-12T17:14:47","slug":"eilt-castor-alarm-gelb-bgz-macht-naechste-woche-infoveranstaltung-danach-kann-der-castor-sofort-rollen","status":"publish","type":"post","link":"https:\/\/sofa-ms.de\/?p=3683","title":{"rendered":"Castor-Alarm Gelb: BGZ macht am 19.3., 19 Uhr, in Ahaus Castor-Infoabend &#8211; danach kann der Castor SOFORT rollen!"},"content":{"rendered":"<p>Es wird nun bitterernst: Die f\u00fcr Ahaus zust\u00e4ndige Atomm\u00fcll-Tochter des Bundesumweltministeriums, die BGZ, hat f\u00fcr n\u00e4chsten Donnerstag, 19. M\u00e4rz, um 19 Uhr im Rathaus in Ahaus den Castor-&#8222;B\u00fcrgerdialog&#8220; angek\u00fcndigt, der unmittelbar vor dem 1. Castor stattfinden soll.<\/p>\n<p>Im Klartext: Der 1. Castor von J\u00fclich nach Ahaus kann schon direkt nach dem Infoabend rollen &#8211; sp\u00e4testens aber bis zum 26. M\u00e4rz (Beginn NRW-Osterferien)!<\/p>\n<p>Wir l\u00f6sen deshalb heute Castor-Alarm Gelb aus &#8211; und rufen euch auf, mit den konkreten Protest-Vorbereitungen f\u00fcr den 1. Castor-Transport zu beginnen.<\/p>\n<p>Am Transporttag gibt es wie vereinbart zwei feste Protesttermine, zeitgleich um 18 Uhr in J\u00fclich und Ahaus:<\/p>\n<p>J\u00fclich, 18 Uhr: Kundgebung vor dem Forschungszentrum<\/p>\n<p>Ahaus, 18 Uhr: Demo ab Bahnhof zum Rathaus<\/p>\n<p>Danach wird es eine lange Castor-Nacht werden auf den 170 Autobahn-Kilometern zwischen J\u00fclich und Ahaus!<\/p>\n<p>Weitere Proteste werden vorbereitet, auch spontane sind zu erwarten &#8211; schaut regelm\u00e4\u00dfig auf die Websites www.bi-ahaus.de, www.westcastor.org, www.castor-stoppen.de und www.sofa-ms.de<\/p>\n<p>Tragt euch in die Kontaktlisten auf www.bi-ahaus.de (WhatsApp) und westcastor.org (SMS\/Signal) ein &#8211; und lest eure Mails.<\/p>\n<p>Lasst uns gemeinsam den Protest auf die Stra\u00dfe tragen und den Castor-Wahnsinn stoppen!!<\/p>\n<p>Hochradioaktiver Atomm\u00fcll geh\u00f6rt nicht auf die Autobahn!<\/p>\n","protected":false},"excerpt":{"rendered":"<p>Es wird nun bitterernst: Die f\u00fcr Ahaus zust\u00e4ndige Atomm\u00fcll-Tochter des Bundesumweltministeriums, die BGZ, hat f\u00fcr n\u00e4chsten Donnerstag, 19. M\u00e4rz, um 19 Uhr im Rathaus in Ahaus den Castor-&#8222;B\u00fcrgerdialog&#8220; angek\u00fcndigt, der unmittelbar vor dem 1. Castor stattfinden soll. Im Klartext: Der 1. Castor von J\u00fclich nach Ahaus kann schon direkt nach<span class=\"more-link\"><a href=\"https:\/\/sofa-ms.de\/?p=3683\">lies mehr<\/a><\/span><\/p>\n","protected":false},"author":3,"featured_media":0,"comment_status":"closed","ping_status":"closed","sticky":false,"template":"","format":"standard","meta":{"footnotes":""},"categories":[5],"tags":[],"class_list":["entry","author-red-sofa","post-3683","post","type-post","status-publish","format-standard","category-aktuelles"],"_links":{"self":[{"href":"https:\/\/sofa-ms.de\/index.php?rest_route=\/wp\/v2\/posts\/3683","targetHints":{"allow":["GET"]}}],"collection":[{"href":"https:\/\/sofa-ms.de\/index.php?rest_route=\/wp\/v2\/posts"}],"about":[{"href":"https:\/\/sofa-ms.de\/index.php?rest_route=\/wp\/v2\/types\/post"}],"author":[{"embeddable":true,"href":"https:\/\/sofa-ms.de\/index.php?rest_route=\/wp\/v2\/users\/3"}],"replies":[{"embeddable":true,"href":"https:\/\/sofa-ms.de\/index.php?rest_route=%2Fwp%2Fv2%2Fcomments&post=3683"}],"version-history":[{"count":4,"href":"https:\/\/sofa-ms.de\/index.php?rest_route=\/wp\/v2\/posts\/3683\/revisions"}],"predecessor-version":[{"id":3689,"href":"https:\/\/sofa-ms.de\/index.php?rest_route=\/wp\/v2\/posts\/3683\/revisions\/3689"}],"wp:attachment":[{"href":"https:\/\/sofa-ms.de\/index.php?rest_route=%2Fwp%2Fv2%2Fmedia&parent=3683"}],"wp:term":[{"taxonomy":"category","embeddable":true,"href":"https:\/\/sofa-ms.de\/index.php?rest_route=%2Fwp%2Fv2%2Fcategories&post=3683"},{"taxonomy":"post_tag","embeddable":true,"href":"https:\/\/sofa-ms.de\/index.php?rest_route=%2Fwp%2Fv2%2Ftags&post=3683"}],"curies":[{"name":"wp","href":"https:\/\/api.w.org\/{rel}","templated":true}]}}