{"id":3700,"date":"2026-03-16T09:17:03","date_gmt":"2026-03-16T08:17:03","guid":{"rendered":"https:\/\/sofa-ms.de\/?p=3700"},"modified":"2026-03-16T12:51:33","modified_gmt":"2026-03-16T11:51:33","slug":"aktionsfahrplan-fuer-ersten-castor-von-juelich-nach-ahaus","status":"publish","type":"post","link":"https:\/\/sofa-ms.de\/?p=3700","title":{"rendered":"Aktionsfahrplan f\u00fcr ersten Castor von J\u00fclich nach Ahaus"},"content":{"rendered":"<p><span style=\"color: #000000;\"><span style=\"font-family: FreeSans, serif;\"><span style=\"font-size: large;\"><b><a href=\"https:\/\/sofa-ms.de\/wp-content\/uploads\/2026\/03\/Castor-Protest-Fahrplan-scaled.jpg\"><img loading=\"lazy\" decoding=\"async\" class=\"alignright wp-image-3702 size-medium\" src=\"https:\/\/sofa-ms.de\/wp-content\/uploads\/2026\/03\/Castor-Protest-Fahrplan-218x300.jpg\" alt=\"\" width=\"218\" height=\"300\" srcset=\"https:\/\/sofa-ms.de\/wp-content\/uploads\/2026\/03\/Castor-Protest-Fahrplan-218x300.jpg 218w, https:\/\/sofa-ms.de\/wp-content\/uploads\/2026\/03\/Castor-Protest-Fahrplan-743x1024.jpg 743w, https:\/\/sofa-ms.de\/wp-content\/uploads\/2026\/03\/Castor-Protest-Fahrplan-768x1058.jpg 768w, https:\/\/sofa-ms.de\/wp-content\/uploads\/2026\/03\/Castor-Protest-Fahrplan-1115x1536.jpg 1115w, https:\/\/sofa-ms.de\/wp-content\/uploads\/2026\/03\/Castor-Protest-Fahrplan-1486x2048.jpg 1486w, https:\/\/sofa-ms.de\/wp-content\/uploads\/2026\/03\/Castor-Protest-Fahrplan-399x550.jpg 399w, https:\/\/sofa-ms.de\/wp-content\/uploads\/2026\/03\/Castor-Protest-Fahrplan-363x500.jpg 363w, https:\/\/sofa-ms.de\/wp-content\/uploads\/2026\/03\/Castor-Protest-Fahrplan-scaled.jpg 1858w\" sizes=\"auto, (max-width: 218px) 100vw, 218px\" \/><\/a>&#8211; 19. M\u00e4rz, 18 Uhr: Mahnwache vor BGZ-Infoabend im Rathaus Ahaus<\/b><\/span><\/span><\/span><\/p>\n<p><span style=\"color: #000000;\"><span style=\"font-family: FreeSans, serif;\"><span style=\"font-size: large;\"><b>\u00a0<a href=\"https:\/\/sofa-ms.de\/?page_id=3555\" target=\"_blank\" rel=\"noopener\">Castor-Tag X1<\/a>: <\/b><\/span><\/span><\/span><\/p>\n<p><span style=\"color: #000000;\"><span style=\"font-family: FreeSans, serif;\"><span style=\"font-size: large;\"><b>&#8211; 18 Uhr: Dauer-Kundgebung vor Forschungszentrum J\u00fclich<\/b><\/span><\/span><\/span><\/p>\n<p><span style=\"color: #000000;\"><span style=\"font-family: FreeSans, serif;\"><span style=\"font-size: large;\"><b>&#8211; 18 Uhr: Demo in Ahaus vom Bahnhof zum Rathaus<\/b><\/span><\/span><\/span><\/p>\n<p><span style=\"color: #000000;\"><span style=\"font-family: FreeSans, serif;\"><span style=\"font-size: large;\"><b>&#8211; ab 20 Uhr: N\u00e4chtliche Dauer-Mahnwache vor Zwischenlager Ahaus<\/b><\/span><\/span><\/span><\/p>\n<p align=\"justify\"><span style=\"font-family: arial, helvetica, sans-serif; font-size: 16px;\"><span style=\"color: #000000;\">Mit einem <a href=\"https:\/\/sofa-ms.de\/wp-content\/uploads\/2026\/03\/Castor-Protest-Fahrplan.pdf\" target=\"_blank\" rel=\"noopener\">Aktionsfahrplan<\/a> bereiten wir und andere Anti-Atomkraft-Initiativen und Umweltverb\u00e4nde uns auf die Proteste zum ersten Castor-Transport mit hochradioaktivem Atomm\u00fcll von J\u00fclich \u00fcber 170 Autobahn-Kilometer nach Ahaus vor. Auftakt ist am jetzigen Donnerstag, 19. M\u00e4rz, um 18 Uhr mit einer Mahnwache vor dem Rathaus in Ahaus. Dort wollen ab 19 Uhr die Vertreter der Atomm\u00fcll-Beh\u00f6rden und bundeseigenen Zwischenlager-Verwalter die Ahauser Bev\u00f6lkerung in einer \u00f6ffentlichen Veranstaltung zu den anstehenden Castor-Transporten informieren. Die Anti-Atomkraft-Initiativen kritisieren scharf, dass die verantwortlichen Minister aus Berlin und D\u00fcsseldorf nicht anwesend sind und die Arbeit an untergeordnete Ebenen delegieren. Offenbar kneifen die v<\/span><span style=\"color: #000000;\">erantwortlichen Minister\/innen und haben Angst vor Bev\u00f6lkerung.<\/span><\/span><\/p>\n<p align=\"justify\"><span style=\"color: #000000; font-family: arial, helvetica, sans-serif; font-size: 16px;\">Konkret bef\u00fcrchten wir noch vor Beginn der NRW-Osterferien den ersten von insgesamt bis zu 152 Castor-Transporten mit hochradioaktivem Atomm\u00fcll aus dem Forschungszentrum J\u00fclich \u00fcber 170 Autobahn-Kilometer ins Zwischenlager Ahaus. Am <strong>Castor-Transporttag Tag X1<\/strong> wird es um <strong>18 Uhr<\/strong> jeweils eine <strong>Kundgebung vor dem Forschungszentrum J\u00fclich<\/strong> geben sowie eine <strong>Demo ab Bahnhof Ahaus<\/strong> in die Innenstadt. Ab <strong>20 Uhr<\/strong> ist eine n<strong>\u00e4chtliche Atomm\u00fcll-Dauermahnwache<\/strong> vor dem <strong>Zwischenlager in Ahaus-Ammeln<\/strong> angemeldet. <\/span><\/p>\n<p align=\"justify\"><span style=\"color: #000000; font-family: arial, helvetica, sans-serif; font-size: 16px;\">Wir sind tief entt\u00e4uscht von der Bundes- und NRW-Landesregierung. Wir k\u00e4mpfen schon seit 16 Jahren gegen diese verantwortungslosen Atomm\u00fcll-Pl\u00e4ne. Doch zu keinem Zeitpunkt wurde eine konstruktive L\u00f6sung gesucht, um die hochgef\u00e4hrlichen Atomm\u00fclltransporte \u00fcber die Autobahnen von NRW zu verhindern. Anstatt in J\u00fclich f\u00fcr die 152 Castoren ein neues, m\u00f6glichst sicheres Zwischenlager zu bauen, f\u00fcrchten wir eine Dauerlagerung in der Lagerhalle in Ahaus, deren Genehmigung auch schon 2036 ausl\u00e4uft. Und im Hintergrund wartet schon Markus S\u00f6der mit seinem atomwaffenf\u00e4hig hochangereichertem Uran aus dem Forschungsreaktor Garching. Ohne Kl\u00e4rung der Endlagerfrage sind Atomm\u00fclltransporte nach Ahaus eine Reise ohne Ziel. Hochradioaktiver Atomm\u00fcll geh\u00f6rt nicht auf die Autobahn. Wir werden deshalb gegen die Castor-Transporte entschlossen und anhaltend auf die Stra\u00dfe gehen.<\/span><\/p>\n<p align=\"justify\"><span style=\"color: #000000; font-family: arial, helvetica, sans-serif; font-size: 16px;\">Dass sich weder Bundesumweltminister Carsten Schneider (SPD) und Bundesfinanzminister Lars Klingbeil (SPD), dem die J\u00fclicher JEN untersteht, noch NRW-Ministerpr\u00e4sident Hendrik W\u00fcst (CDU) oder NRW-Atomministerin Mona Neubaur (Gr\u00fcne) in Ahaus den Fragen und berechtigten Sorgen der Bev\u00f6lkerung pers\u00f6nlich stellen, ist eine Bankrotterkl\u00e4rung der Politik. Immer wieder wird der Vertrauensverlust in \u201edie Politik\u201c beklagt, doch dann m\u00fcssten am Donnerstag in Ahaus die vier verantwortlichen Minister:innen in Ahaus auf dem Podium sitzen \u2013 und nicht die nachgeordneten Beh\u00f6rden. Bei der Gelegenheit k\u00f6nnten sie dann auch erstmals in 16 Jahren auf h\u00f6chster Ebene pers\u00f6nlich \u00fcber eine politische L\u00f6sung der Atomm\u00fcll-Frage sprechen \u2013 Das haben sie bislang n\u00e4mlich noch nie getan &#8211; doch noch ist es nicht zu sp\u00e4t!<\/span><\/p>\n<p align=\"justify\"><span style=\"color: #000000; font-family: arial, helvetica, sans-serif; font-size: 16px;\">Wir gehen von einem sehr kurzfristigen Bekanntwerden des Transporttermins f\u00fcr den ersten Castor aus, also haltet Augen und Ohren auf: Stahlplatten\/ Konstruktionen und\/ oder abmontierte Schilder an den Kreisverkehren (von den Autobahn-Abfahrten Ledgen bzw. Heek nach Ahaus reinkommend), auff\u00e4llig viel Polizei in J\u00fclich und Ahaus. Informiert euch \u00fcber den Ticker und tragt euch in die Signal-Gruppen ein. Eine \u00dcbersicht findet ihr auf unserer <a href=\"https:\/\/sofa-ms.de\/?page_id=3555\" target=\"_blank\" rel=\"noopener\">Castor-Tag-X-Sonderseite<\/a>.<br \/>\n<\/span><\/p>\n","protected":false},"excerpt":{"rendered":"<p>&#8211; 19. M\u00e4rz, 18 Uhr: Mahnwache vor BGZ-Infoabend im Rathaus Ahaus \u00a0Castor-Tag X1: &#8211; 18 Uhr: Dauer-Kundgebung vor Forschungszentrum J\u00fclich &#8211; 18 Uhr: Demo in Ahaus vom Bahnhof zum Rathaus &#8211; ab 20 Uhr: N\u00e4chtliche Dauer-Mahnwache vor Zwischenlager Ahaus Mit einem Aktionsfahrplan bereiten wir und andere Anti-Atomkraft-Initiativen und Umweltverb\u00e4nde uns<span class=\"more-link\"><a href=\"https:\/\/sofa-ms.de\/?p=3700\">lies mehr<\/a><\/span><\/p>\n","protected":false},"author":3,"featured_media":0,"comment_status":"closed","ping_status":"closed","sticky":false,"template":"","format":"standard","meta":{"footnotes":""},"categories":[6,5,25,26,13,11,10],"tags":[],"class_list":["entry","author-red-sofa","post-3700","post","type-post","status-publish","format-standard","category-ahaus","category-aktuelles","category-atommuell","category-castor","category-demos","category-garching","category-juelich"],"_links":{"self":[{"href":"https:\/\/sofa-ms.de\/index.php?rest_route=\/wp\/v2\/posts\/3700","targetHints":{"allow":["GET"]}}],"collection":[{"href":"https:\/\/sofa-ms.de\/index.php?rest_route=\/wp\/v2\/posts"}],"about":[{"href":"https:\/\/sofa-ms.de\/index.php?rest_route=\/wp\/v2\/types\/post"}],"author":[{"embeddable":true,"href":"https:\/\/sofa-ms.de\/index.php?rest_route=\/wp\/v2\/users\/3"}],"replies":[{"embeddable":true,"href":"https:\/\/sofa-ms.de\/index.php?rest_route=%2Fwp%2Fv2%2Fcomments&post=3700"}],"version-history":[{"count":3,"href":"https:\/\/sofa-ms.de\/index.php?rest_route=\/wp\/v2\/posts\/3700\/revisions"}],"predecessor-version":[{"id":3705,"href":"https:\/\/sofa-ms.de\/index.php?rest_route=\/wp\/v2\/posts\/3700\/revisions\/3705"}],"wp:attachment":[{"href":"https:\/\/sofa-ms.de\/index.php?rest_route=%2Fwp%2Fv2%2Fmedia&parent=3700"}],"wp:term":[{"taxonomy":"category","embeddable":true,"href":"https:\/\/sofa-ms.de\/index.php?rest_route=%2Fwp%2Fv2%2Fcategories&post=3700"},{"taxonomy":"post_tag","embeddable":true,"href":"https:\/\/sofa-ms.de\/index.php?rest_route=%2Fwp%2Fv2%2Ftags&post=3700"}],"curies":[{"name":"wp","href":"https:\/\/api.w.org\/{rel}","templated":true}]}}