{"id":3815,"date":"2026-04-29T22:32:32","date_gmt":"2026-04-29T20:32:32","guid":{"rendered":"https:\/\/sofa-ms.de\/?p=3815"},"modified":"2026-04-29T22:32:32","modified_gmt":"2026-04-29T20:32:32","slug":"brief-an-minister-neubaur-und-reul-zu-pannen-und-polizeikosten-der-castor-transporte-juelich%e2%88%92ahaus","status":"publish","type":"post","link":"https:\/\/sofa-ms.de\/?p=3815","title":{"rendered":"Brief an Minister Neubaur und Reul zu Pannen und Polizeikosten der Castor-Transporte J\u00fclich\u2212Ahaus"},"content":{"rendered":"<ul>\n<li><span style=\"color: #000000;\"><span style=\"font-family: FreeSans, serif;\"><span style=\"font-size: large;\"><b>Waren Pannen in J\u00fclich und Ahaus \u201emeldepflichtige Ereignisse\u201c?<\/b><\/span><\/span><\/span><\/li>\n<li><span style=\"color: #000000;\"><span style=\"font-family: FreeSans, serif;\"><span style=\"font-size: large;\"><b>Wie hoch waren die Polizeikosten f\u00fcr die Eins\u00e4tze?<\/b><\/span><\/span><\/span><\/li>\n<li><span style=\"color: #000000;\"><span style=\"font-family: FreeSans, serif;\"><span style=\"font-size: large;\"><b>Tr\u00e4gt NRW die Polizeikosten alleine?<\/b><\/span><\/span><\/span><\/li>\n<li><span style=\"color: #000000;\"><span style=\"font-family: FreeSans, serif;\"><span style=\"font-size: large;\"><b>Gab es Verletzungen der Flugverbotszone?<\/b><\/span><\/span><\/span><\/li>\n<li><span style=\"color: #000000;\"><span style=\"font-family: FreeSans, serif;\"><span style=\"font-size: large;\"><b>Ist Zeitrahmen bis August 2027 f\u00fcr Castor-Transporte zu halten?<\/b><\/span><\/span><\/span><\/li>\n<\/ul>\n<p align=\"justify\"><span style=\"color: #000000;\"><span style=\"font-family: FreeSans, serif;\"><span style=\"font-size: medium;\">Die Anti-Atomkraft-Initiativen im M\u00fcnsterland und in J\u00fclich haben sich mit einem <a href=\"https:\/\/sofa-ms.de\/wp-content\/uploads\/2026\/04\/Brief-2026-04-28-Castor-Neubaur_Reul-pm.pdf\" target=\"_blank\" rel=\"noopener\">Brief<\/a> an NRW-Wirtschaftsministerin Mona Neubaur (Gr\u00fcne) und NRW-Innenminister Herbert Reul (CDU) gewandt, um zu den Problemen und den Kosten der ersten beiden Castor-Transporte von J\u00fclich nach Ahaus Auskunft zu bekommen. So hatte sich die Abfahrt des zweiten Castor-Transports in J\u00fclich wegen einer Panne verz\u00f6gert und der erste Castor konnte im Zwischenlager Ahaus eine Woche lang nicht fachgem\u00e4\u00df an die \u00dcberwachungssysteme angeschlossen werden. Die Initiativen wollen nun unter anderem wissen, ob diese Pannen von der NRW-Atomaufsicht als \u201emeldepflichtige Ereignisse\u201c eingestuft wurden Zudem fragen die Initiativen nach dem weiteren Vorgehen der NRW-Landesregierung in Sachen Castor-Transporte, unter anderem mit Bezug auf die aus Garching angek\u00fcndigten Atomm\u00fcll-Transporte.<\/span><\/span><\/span><\/p>\n<p align=\"justify\"><span style=\"color: #000000;\"><span style=\"font-family: FreeSans, serif;\"><span style=\"font-size: large;\"><b>Proteste werden fortgesetzt \u2013 n\u00e4chster Castor kurz vor Pfingsten?<\/b><\/span><\/span><\/span><\/p>\n<p align=\"justify\"><span style=\"color: #000000;\"><span style=\"font-family: FreeSans, serif;\"><span style=\"font-size: medium;\">Unterdessen k\u00fcndigen die Anti-Atomkraft-Initiativen an, die Proteste zwischen J\u00fclich und Ahaus fortzusetzen. Nur mit einem enormen Polizeiaufgebot konnten die ersten beiden von 152 Castor-Beh\u00e4lter nach Ahaus gebracht werden. Da ist es eine Farce, dass die Transporte vorab als g\u00fcnstigste Option gepriesen wurden. Schon bei den ersten beiden Transporten gab es erstaunliche Pannen. Nun f\u00fcrchten wir ganz konkret, dass die NRW-Landesregierung aus Kostengr\u00fcnden die polizeiliche Sicherung der Castor-Transporte demn\u00e4chst deutlich zur\u00fcckfahren wird. Das wird sich als Knackpunkt f\u00fcr die noch ausstehenden Dutzende weiterer Atomm\u00fclltransporte erweisen. Denn jede Nachl\u00e4ssigkeit der Sicherheitsbeh\u00f6rden kann bei Sabotage oder Terrorgefahren katastrophale Folgen haben.<\/span><\/span><\/span><\/p>\n<p align=\"justify\"><span style=\"color: #000000;\"><span style=\"font-family: FreeSans, serif;\"><span style=\"font-size: medium;\">Der jahrelang kommunizierte Wunsch des J\u00fclicher Forschungszentrums, einmal pro Woche zu fahren, hat sich schon jetzt als Luftnummer erwiesen. Es ist immer noch nicht klar, ob die angek\u00fcndigten Dreier-Konvois wirklich funktionieren \u2013 zusammen bringen sie fast 400 Tonnen auf die Waage. So werden sie manche Br\u00fccken nur einzeln queren k\u00f6nnen \u2013 ein erheblicher Belastungstest f\u00fcr die marode Stra\u00dfen-Infrastruktur von NRW \u2013 mit ungewissem Ausgang!<\/span><\/span><\/span><\/p>\n<p align=\"justify\"><span style=\"color: #000000;\"><span style=\"font-family: FreeSans, serif;\"><span style=\"font-size: medium;\">Wir sind tief entt\u00e4uscht von der Bundes- und NRW-Landesregierung. Wir k\u00e4mpfen seit 16 Jahren gegen diese verantwortungslosen Atomm\u00fcll-Pl\u00e4ne. Doch zu keinem Zeitpunkt wurde eine konstruktive L\u00f6sung gesucht, um die hochgef\u00e4hrlichen Atomm\u00fclltransporte \u00fcber die Autobahnen von NRW zu verhindern. Und im Hintergrund wartet schon Markus S\u00f6der mit seinem atomwaffenf\u00e4hig hochangereichertem Atomm\u00fcll aus dem Forschungsreaktor Garching. Ohne Kl\u00e4rung der Endlagerfrage sind Atomm\u00fclltransporte nach Ahaus eine Reise ohne Ziel. Hochradioaktiver Atomm\u00fcll geh\u00f6rt nicht auf die Autobahn und Polizei-Konvois sind keine Atomm\u00fcllentsorgung, sondern reine Show. Wir werden deshalb weiterhin gegen die Castor-Transporte entschlossen und anhaltend auf die Stra\u00dfe gehen! <\/span><\/span><\/span><span style=\"color: #000000;\"><span style=\"font-family: FreeSans, serif;\"><span style=\"font-size: medium;\">Nach bisherigem Kenntnisstand erwarten wir wenige Tage vor Pfingsten Mitte Mai den n\u00e4chsten Castor-Transport von J\u00fclich nach Ahaus. Wir sind aber auch darauf eingestellt, kurzfristig Proteste zu organisieren.<\/span><\/span><\/span><\/p>\n","protected":false},"excerpt":{"rendered":"<p>Waren Pannen in J\u00fclich und Ahaus \u201emeldepflichtige Ereignisse\u201c? Wie hoch waren die Polizeikosten f\u00fcr die Eins\u00e4tze? Tr\u00e4gt NRW die Polizeikosten alleine? Gab es Verletzungen der Flugverbotszone? Ist Zeitrahmen bis August 2027 f\u00fcr Castor-Transporte zu halten? Die Anti-Atomkraft-Initiativen im M\u00fcnsterland und in J\u00fclich haben sich mit einem Brief an NRW-Wirtschaftsministerin Mona<span class=\"more-link\"><a href=\"https:\/\/sofa-ms.de\/?p=3815\">lies mehr<\/a><\/span><\/p>\n","protected":false},"author":3,"featured_media":0,"comment_status":"closed","ping_status":"closed","sticky":false,"template":"","format":"standard","meta":{"footnotes":""},"categories":[6,5,25,26,10],"tags":[],"class_list":["entry","author-red-sofa","post-3815","post","type-post","status-publish","format-standard","category-ahaus","category-aktuelles","category-atommuell","category-castor","category-juelich"],"_links":{"self":[{"href":"https:\/\/sofa-ms.de\/index.php?rest_route=\/wp\/v2\/posts\/3815","targetHints":{"allow":["GET"]}}],"collection":[{"href":"https:\/\/sofa-ms.de\/index.php?rest_route=\/wp\/v2\/posts"}],"about":[{"href":"https:\/\/sofa-ms.de\/index.php?rest_route=\/wp\/v2\/types\/post"}],"author":[{"embeddable":true,"href":"https:\/\/sofa-ms.de\/index.php?rest_route=\/wp\/v2\/users\/3"}],"replies":[{"embeddable":true,"href":"https:\/\/sofa-ms.de\/index.php?rest_route=%2Fwp%2Fv2%2Fcomments&post=3815"}],"version-history":[{"count":1,"href":"https:\/\/sofa-ms.de\/index.php?rest_route=\/wp\/v2\/posts\/3815\/revisions"}],"predecessor-version":[{"id":3816,"href":"https:\/\/sofa-ms.de\/index.php?rest_route=\/wp\/v2\/posts\/3815\/revisions\/3816"}],"wp:attachment":[{"href":"https:\/\/sofa-ms.de\/index.php?rest_route=%2Fwp%2Fv2%2Fmedia&parent=3815"}],"wp:term":[{"taxonomy":"category","embeddable":true,"href":"https:\/\/sofa-ms.de\/index.php?rest_route=%2Fwp%2Fv2%2Fcategories&post=3815"},{"taxonomy":"post_tag","embeddable":true,"href":"https:\/\/sofa-ms.de\/index.php?rest_route=%2Fwp%2Fv2%2Ftags&post=3815"}],"curies":[{"name":"wp","href":"https:\/\/api.w.org\/{rel}","templated":true}]}}