{"id":3817,"date":"2026-04-30T17:40:51","date_gmt":"2026-04-30T15:40:51","guid":{"rendered":"https:\/\/sofa-ms.de\/?p=3817"},"modified":"2026-04-30T17:40:51","modified_gmt":"2026-04-30T15:40:51","slug":"castor-alarm-juelich-ahaus-5-und-19-mai-neue-proteste","status":"publish","type":"post","link":"https:\/\/sofa-ms.de\/?p=3817","title":{"rendered":"Castor-Alarm J\u00fclich-Ahaus: 5. und 19. Mai &#8211; neue Proteste"},"content":{"rendered":"<p>Den Anti-Atom-Inis ist es gelungen, auch kurzfristig gleich zwei bislang geheime Castor-Termine zu knacken: Schon n\u00e4chsten Dienstagabend, 5.5., geht wieder hochradioaktiver Atomm\u00fcll am Forschungszentrum J\u00fclich auf die 170 km lange Autobahn-Piste nach Ahaus. Und zwei Wochen sp\u00e4ter, am Dienstag, 19.5., soll X4 folgen &#8211; jetzt strammes Programm f\u00fcr die NRW-Polizei &#8230;<\/p>\n<p>Wir werden auch n\u00e4chsten Dienstag in J\u00fclich und Ahaus abends wieder auf der Stra\u00dfe sein &#8211; die Details folgen am Wochenende &#8211; achtet auf Updates!<\/p>\n<p>Atomm\u00fclltourismus auf der Autobahn ist keine Entsorgung &#8211; sondern reine Show mit viel Polizei drumherum.<\/p>\n<p>Deshalb beteiligt euch an den Protesten!<\/p>\n<p>&nbsp;<\/p>\n<p>&nbsp;<\/p>\n<p>&nbsp;<\/p>\n","protected":false},"excerpt":{"rendered":"<p>Den Anti-Atom-Inis ist es gelungen, auch kurzfristig gleich zwei bislang geheime Castor-Termine zu knacken: Schon n\u00e4chsten Dienstagabend, 5.5., geht wieder hochradioaktiver Atomm\u00fcll am Forschungszentrum J\u00fclich auf die 170 km lange Autobahn-Piste nach Ahaus. Und zwei Wochen sp\u00e4ter, am Dienstag, 19.5., soll X4 folgen &#8211; jetzt strammes Programm f\u00fcr die NRW-Polizei<span class=\"more-link\"><a href=\"https:\/\/sofa-ms.de\/?p=3817\">lies mehr<\/a><\/span><\/p>\n","protected":false},"author":3,"featured_media":0,"comment_status":"closed","ping_status":"closed","sticky":false,"template":"","format":"standard","meta":{"footnotes":""},"categories":[5],"tags":[],"class_list":["entry","author-red-sofa","post-3817","post","type-post","status-publish","format-standard","category-aktuelles"],"_links":{"self":[{"href":"https:\/\/sofa-ms.de\/index.php?rest_route=\/wp\/v2\/posts\/3817","targetHints":{"allow":["GET"]}}],"collection":[{"href":"https:\/\/sofa-ms.de\/index.php?rest_route=\/wp\/v2\/posts"}],"about":[{"href":"https:\/\/sofa-ms.de\/index.php?rest_route=\/wp\/v2\/types\/post"}],"author":[{"embeddable":true,"href":"https:\/\/sofa-ms.de\/index.php?rest_route=\/wp\/v2\/users\/3"}],"replies":[{"embeddable":true,"href":"https:\/\/sofa-ms.de\/index.php?rest_route=%2Fwp%2Fv2%2Fcomments&post=3817"}],"version-history":[{"count":1,"href":"https:\/\/sofa-ms.de\/index.php?rest_route=\/wp\/v2\/posts\/3817\/revisions"}],"predecessor-version":[{"id":3818,"href":"https:\/\/sofa-ms.de\/index.php?rest_route=\/wp\/v2\/posts\/3817\/revisions\/3818"}],"wp:attachment":[{"href":"https:\/\/sofa-ms.de\/index.php?rest_route=%2Fwp%2Fv2%2Fmedia&parent=3817"}],"wp:term":[{"taxonomy":"category","embeddable":true,"href":"https:\/\/sofa-ms.de\/index.php?rest_route=%2Fwp%2Fv2%2Fcategories&post=3817"},{"taxonomy":"post_tag","embeddable":true,"href":"https:\/\/sofa-ms.de\/index.php?rest_route=%2Fwp%2Fv2%2Ftags&post=3817"}],"curies":[{"name":"wp","href":"https:\/\/api.w.org\/{rel}","templated":true}]}}