{"id":3820,"date":"2026-05-03T09:13:07","date_gmt":"2026-05-03T07:13:07","guid":{"rendered":"https:\/\/sofa-ms.de\/?p=3820"},"modified":"2026-05-03T09:13:07","modified_gmt":"2026-05-03T07:13:07","slug":"dienstag-neuer-castor-neuer-protest-polizeigewerkschaft-kritisiert-hohe-belastung","status":"publish","type":"post","link":"https:\/\/sofa-ms.de\/?p=3820","title":{"rendered":"Dienstag neuer Castor &#038; neuer Protest &#8211; Polizeigewerkschaft kritisiert hohe Belastung"},"content":{"rendered":"<ul>\n<li><span style=\"color: #000000; font-size: 20px;\"><span style=\"font-family: FreeSans, serif;\"><b>&#8211; J\u00fclich: ab 18 Uhr Dauer-Mahnwache<\/b><\/span><\/span><\/li>\n<li><span style=\"color: #000000; font-size: 20px;\"><span style=\"font-family: FreeSans, serif;\"><b>&#8211; Ahaus: &#8211; 18.30 Uhr Fahrrad-Demo <\/b><\/span><\/span><\/li>\n<li><span style=\"color: #000000; font-size: 20px;\"><span style=\"font-family: FreeSans, serif;\"><b>&#8211; 19 Uhr Kundgebung <\/b><\/span><\/span><\/li>\n<li><span style=\"color: #000000; font-size: 20px;\"><span style=\"font-family: FreeSans, serif;\"><b>&#8211; ab 20 Uhr Dauer-Mahnwache<\/b><\/span><\/span><\/li>\n<\/ul>\n<h3><span style=\"color: #000000;\">\u201e<span style=\"font-family: FreeSans, serif;\"><span style=\"font-size: large;\"><b>NRW-Polizei als Atomm\u00fcll-Transporteur \/ politisches Versagen\u201c<\/b><\/span><\/span><\/span><\/h3>\n<p align=\"justify\"><span style=\"color: #000000;\"><span style=\"font-family: FreeSans, serif;\"><span style=\"font-size: medium;\">Nach Informationen der Anti-Atomkraft-Initiativen im M\u00fcnsterland und in J\u00fclich soll bereits am jetzigen Dienstagabend, 5. Mai, der dritte Castor-Transport mit hochradioaktivem Atomm\u00fcll vom Forschungszentrum J\u00fclich ins Zwischenlager Ahaus starten. Schon am 19. Mai soll dann der vierte Castor-Transport folgen. Zu Recht kritisierte die Gewerkschaft der Polizei im WDR den enorm hohen Personalaufwand f\u00fcr die Atomm\u00fclltransporte. Bei den ersten beiden Transporten waren 2000 bzw. 2400 Beamte im Einsatz. Damit wird die NRW-Polizei zum eigentlichen Atomm\u00fcll-Transporteur und muss die ungel\u00f6ste Entsorgungsfrage jahrelang in Dutzenden Autobahn-Eins\u00e4tzen ausbaden. Anti-Atomkraft-Initiativen haben f\u00fcr Dienstag kurzfristig in J\u00fclich und Ahaus mehrere Protestaktionen angemeldet.<\/span><\/span><\/span><\/p>\n<p align=\"justify\"><span style=\"color: #000000;\"><span style=\"font-family: FreeSans, serif;\"><span style=\"font-size: medium;\">Es ist kein Wunder, dass die Gewerkschaft der Polizei die v\u00f6llig unsinnigen und gef\u00e4hrlichen Atomm\u00fclltransporte durch NRW kritisiert. Anstatt vor Ort in J\u00fclich f\u00fcr eine langfristige Lagerung des hochradioaktiven Atomm\u00fclls zu sorgen, verlagern Bundes- und Landesregierung die Atomm\u00fcllentsorgung auf die Autobahn. Angesichts der hohen Personalbelastung f\u00fcr die Polizei und der hohen Kosten f\u00fcr die Landeskasse f\u00fcrchten wir, dass die NRW-Landesregierung nun die Polizeisicherung der Castor-Transporte sp\u00fcrbar runterschraubt. Das wird dann jedoch zwangsl\u00e4ufig zu kritischen Sicherheitsl\u00fccken entlang der 170 Kilometer langen Autobahnstrecke f\u00fchren \u2013 und das auf Jahre hinaus. Planbarer k\u00f6nnen Gefahrenquellen und Sicherheitsrisiken kaum sein.<br \/>\n<\/span><\/span><\/span><\/p>\n<p align=\"justify\"><span style=\"color: #000000;\"><span style=\"font-family: FreeSans, serif;\"><span style=\"font-size: medium;\">Noch immer stehen 150 Castor-Beh\u00e4lter in J\u00fclich \u2013 und selbst in einem beschleunigten Tempo und in Dreier-Konvois wird die Verlagerung nicht vor 2030 abgeschlossen sein, obwohl die Transportgenehmigung nur bis Mitte n\u00e4chsten Jahres g\u00fcltig ist. Aber auch die Lagergenehmigung im Zwischenlager Ahaus gilt nur bis 2036. Danach tut sich bis zur Errichtung eines Endlagers eine jahrzehntelange, bislang v\u00f6llig genehmigungslose L\u00fccke bei der Atomm\u00fcllentsorgung in NRW auf. Die Bundesregierung und die NRW-Landesregierung sind der Atomm\u00fcllfrage politisch offenbar nicht gewachsen!<\/span><\/span><\/span><\/p>\n<p align=\"justify\"><span style=\"color: #000000;\"><span style=\"font-family: FreeSans, serif;\"><span style=\"font-size: large;\"><b>Neue Proteste am Dienstag (\u00fcbermorgen) in J\u00fclich und Ahaus<\/b><\/span><\/span><\/span><\/p>\n<p align=\"justify\"><span style=\"color: #000000;\"><span style=\"font-family: FreeSans, serif;\"><span style=\"font-size: medium;\">Kurzfristig wird es auch am jetzigen Dienstag, 5. Mai, in J\u00fclich wieder ab 18 Uhr eine Dauer-Mahnwache vor dem Forschungszentrum J\u00fclich geben. Beim letzten Transport wurde durch die Anwesenheit der Atomkraftgegner:innen die ungew\u00f6hnliche Panne bei der Abfahrt des Castor-LKWs bekannt. Die Initiativen haben dazu der NRW-Landesregierung einen bislang unbeantworteten <a href=\"https:\/\/sofa-ms.de\/?p=3815\" target=\"_blank\" rel=\"noopener\">Brief<\/a> geschrieben.<\/span><\/span><\/span><\/p>\n<p align=\"justify\"><span style=\"color: #000000;\"><span style=\"font-family: FreeSans, serif;\"><span style=\"font-size: medium;\">In Ahaus startet ebenfalls kurzfristig am Dienstag um 18.30 Uhr eine Fahrrad-Demo vom Bahnhof durch die Innenstadt zur Castor-Strecke am Schumacher-Ring. Dort beginnt dann um 19 Uhr an der Kreuzung mit der Schorlemer-\/Sch\u00f6ppingerstra\u00dfe die zentrale Kundgebung. Im Anschluss findet an dieser zentralen Castor-Kreuzung Richtung Zwischenlager auch die Dauer-Mahnwache bis zur n\u00e4chtlichen Ankunft des Castor-Konvois statt. Aus diesem Grund findet am Zwischenlager dieses Mal keine Mahnwache statt.<\/span><\/span><\/span><\/p>\n<p align=\"justify\"><span style=\"color: #000000;\"><span style=\"font-family: FreeSans, serif;\"><span style=\"font-size: medium;\">F\u00fcr den 19. Mai werden ebenfalls Proteste vorbereitet.<\/span><\/span><\/span><\/p>\n","protected":false},"excerpt":{"rendered":"<p>&#8211; J\u00fclich: ab 18 Uhr Dauer-Mahnwache &#8211; Ahaus: &#8211; 18.30 Uhr Fahrrad-Demo &#8211; 19 Uhr Kundgebung &#8211; ab 20 Uhr Dauer-Mahnwache \u201eNRW-Polizei als Atomm\u00fcll-Transporteur \/ politisches Versagen\u201c Nach Informationen der Anti-Atomkraft-Initiativen im M\u00fcnsterland und in J\u00fclich soll bereits am jetzigen Dienstagabend, 5. Mai, der dritte Castor-Transport mit hochradioaktivem Atomm\u00fcll vom<span class=\"more-link\"><a href=\"https:\/\/sofa-ms.de\/?p=3820\">lies mehr<\/a><\/span><\/p>\n","protected":false},"author":3,"featured_media":0,"comment_status":"closed","ping_status":"closed","sticky":false,"template":"","format":"standard","meta":{"footnotes":""},"categories":[6,5,25,26,13,10],"tags":[],"class_list":["entry","author-red-sofa","post-3820","post","type-post","status-publish","format-standard","category-ahaus","category-aktuelles","category-atommuell","category-castor","category-demos","category-juelich"],"_links":{"self":[{"href":"https:\/\/sofa-ms.de\/index.php?rest_route=\/wp\/v2\/posts\/3820","targetHints":{"allow":["GET"]}}],"collection":[{"href":"https:\/\/sofa-ms.de\/index.php?rest_route=\/wp\/v2\/posts"}],"about":[{"href":"https:\/\/sofa-ms.de\/index.php?rest_route=\/wp\/v2\/types\/post"}],"author":[{"embeddable":true,"href":"https:\/\/sofa-ms.de\/index.php?rest_route=\/wp\/v2\/users\/3"}],"replies":[{"embeddable":true,"href":"https:\/\/sofa-ms.de\/index.php?rest_route=%2Fwp%2Fv2%2Fcomments&post=3820"}],"version-history":[{"count":1,"href":"https:\/\/sofa-ms.de\/index.php?rest_route=\/wp\/v2\/posts\/3820\/revisions"}],"predecessor-version":[{"id":3821,"href":"https:\/\/sofa-ms.de\/index.php?rest_route=\/wp\/v2\/posts\/3820\/revisions\/3821"}],"wp:attachment":[{"href":"https:\/\/sofa-ms.de\/index.php?rest_route=%2Fwp%2Fv2%2Fmedia&parent=3820"}],"wp:term":[{"taxonomy":"category","embeddable":true,"href":"https:\/\/sofa-ms.de\/index.php?rest_route=%2Fwp%2Fv2%2Fcategories&post=3820"},{"taxonomy":"post_tag","embeddable":true,"href":"https:\/\/sofa-ms.de\/index.php?rest_route=%2Fwp%2Fv2%2Ftags&post=3820"}],"curies":[{"name":"wp","href":"https:\/\/api.w.org\/{rel}","templated":true}]}}