{"id":3964,"date":"2026-07-24T00:52:17","date_gmt":"2026-07-23T22:52:17","guid":{"rendered":"https:\/\/sofa-ms.de\/?p=3964"},"modified":"2026-07-24T08:50:12","modified_gmt":"2026-07-24T06:50:12","slug":"castor-transporte-9-10-keine-ferien-fuer-polizei","status":"publish","type":"post","link":"https:\/\/sofa-ms.de\/?p=3964","title":{"rendered":"Technischer Defekt legt Castor-LKW Nr. 10 in J\u00fclich lahm &#8211; 1 Tag Verz\u00f6gerung &#038; neue Proteste"},"content":{"rendered":"<p><strong>Update 4, 24. Juli 00:52 Uhr:<\/strong><\/p>\n<p>Castor Nr. 10 ist kurzfristig gegen 21:45 Uhr in J\u00fclich gestartet. In J\u00fclich gab es den dritten Tag in Folge Protest gegen diese unsinnige und unseri\u00f6se Atomm\u00fcllverschiebung, auch an der Autobahn gab es bei Kamp-Lintfort eine Aktion und in Ahaus bildete sich nachts eine kleine Spontan-Mahnwache. Zwischenstand nach 10 Castoren: 4 Monate f\u00fcr 10 Castoren x 15 (f\u00fcr 152 Castoren)\u00a0 = 60 Monate. Gesch\u00e4tzte Gesamtdauer des Castor-Wahnsinns derzeit also 5 Jahre !!! Aktuelle Infos im <a href=\"https:\/\/castor-stoppen.de\/ticker\/\" target=\"_blank\" rel=\"noopener\">Castor-Ticker<\/a><\/p>\n<p><strong>Update 3a, 23. Juli 23:15<\/strong><\/p>\n<p>Hier noch einige Details zum gestrigen Castor-Abbruch:<\/p>\n<p align=\"justify\"><span style=\"color: #000000;\"><span style=\"font-family: FreeSans, serif;\"><span style=\"font-size: medium;\">Bei der Mahnwache am K\u00f6nigsh\u00e4uschen nahe der Autobahn-Auffahrt wurde die Stra\u00dfe 3x gesperrt und dann wieder freigegeben. W\u00e4hrend die Polizei schon abfahrbereit am Forschungszentrum J\u00fclich war und ein Polizei-Hubschrauber \u00fcber dem Gel\u00e4nde kreiste, blieb der Transport-LKW kurz vor der Schranke defekt auf dem Gel\u00e4nde zur\u00fcck und Techniker begannen mit einer Untersuchung des Problems. Gegen 0.50 Uhr erreichte dann ein kommerzieller Reparatur-Service das Forschungszentrum, der das Problem aber nicht l\u00f6sen konnte. Gegen 1.15 Uhr erfolgte dann die Absage des Transports, sodass die Polizei sofort danach in J\u00fclich und Ahaus abr\u00fcckte.<\/span><\/span><\/span><\/p>\n<p align=\"justify\"><span style=\"color: #000000;\"><span style=\"font-family: FreeSans, serif;\"><span style=\"font-size: medium;\">Den ganzen Abend \u00fcber demonstrierten in J\u00fclich, Duisburg und Ahaus erneut Atomkraftgegner:innen mit Mahnwachen gegen die widersinnigen und gef\u00e4hrlichen Transporte. Eine \u00e4hnliche Situation hatten wir schon Ende April beim 2. Castor, als sich dann herausstellte, dass die <a href=\"https:\/\/sofa-ms.de\/?p=3810\">Batterien f\u00fcr die Transporteinheit nicht aufgeladen<\/a> waren und sich die Abfahrt um 90 Minuten verz\u00f6gerte. Wir fordern deshalb umgehend Aufkl\u00e4rung \u00fcber diese aktuelle Panne, die zur n\u00e4chtlichen Absage des Castors f\u00fchrte. Und es zeigt sich, wie wichtig die Proteste vor Ort und an der 170 Kilometer langen Autobahnstrecke sind, um live sehen zu k\u00f6nnen, wenn diese erheblichen Probleme auftreten.<\/span><\/span><\/span><\/p>\n<p align=\"justify\"><span style=\"color: #000000;\"><span style=\"font-family: FreeSans, serif;\"><span style=\"font-size: medium;\">Wir sind immer noch erst beim 10. Castor. Wie soll das nun noch 142 Mal weitergehen? Dieses Mal ist der Schaden auf dem Gel\u00e4nde des Forschungszentrums in J\u00fclich aufgetreten. Was w\u00e4re passiert, wenn die Panne unterwegs auf der Autobahn passiert w\u00e4re? Auf solche Schadensf\u00e4lle ist die Polizei doch gar nicht vorbereitet. Au\u00dferdem fragen wir uns, ob wom\u00f6glich das Transportunternehmen der gr\u00f6\u00dften Transportserie f\u00fcr hochradioaktiven Atomm\u00fcll in der Geschichte der Bundesrepublik einfach nicht gewachsen ist? Wir fordern deshalb nachdr\u00fccklich ein Ende des Castor-Wahnsinns auf den Autobahnen von NRW! Die Transporte sind eine reine Verschwendung von Steuergeld und Polizei-Ressourcen! Es braucht jetzt schnell ein neues, m\u00f6glichst sicheres Atomm\u00fclllager in J\u00fclich!<\/span><\/span><\/span><\/p>\n<p><strong>Update 3, 23. Juli, 10:30 Uhr: <\/strong>Castor 10 wurde abgebrochen! Laut <a href=\"https:\/\/www1.wdr.de\/nrw\/zehnter-castor-transport-in-nrw-abgebrochen-100.html\" target=\"_blank\" rel=\"noopener\">WDR<\/a> war es nicht m\u00f6glich, den technischen Defekt zu beheben und auch nicht m\u00f6glich, einen Ersatz-LKW zu nutzen. Und das alles auf dem Gel\u00e4nde des Forschungszentrums J\u00fclich &#8211; das wirft bei insgesamt 4 verf\u00fcgbaren LKW ein ganz schlechtes Licht auf die Sicherheitsreserven, sollte es auf der Autobahn zu einer Panne kommen.<\/p>\n<p><strong>Update 2, 23. Juli, 0.20 Uhr:<\/strong> Castor 10 ist am sp\u00e4ten Mittwochabend NICHT wie geplant im Forschungszentrum J\u00fclich gestartet. Gegen 22.45 Uhr ruckelte der Polizei-Vorkonvoi los, doch dann war schon nach ein paar Metern Feierabend. Der Castor-LKW hatte technische Probleme und alles kam zum Stillstand. Der technische Defekt wurde von der Polizei so auch den Aktiven auf den Mahnwachen in Duisburg und Ahaus mitgeteilt. Auch 100 Minuten sp\u00e4ter ist immer noch unklar, ob der Castor heute Nacht noch f\u00e4hrt. Schon im Mai war ein Castor wegen nicht aufgeladener Batterie 90 Minuten sp\u00e4ter gestartet. Heute scheint das Problem gr\u00f6\u00dfer zu sein &#8230;<\/p>\n<p><strong>Update:<\/strong> Castor Nr. 9 von 152 ist ca. 21:45 in J\u00fclich gestartet, Proteste an verschiedenen Orten, Verlauf und Fotos im <a href=\"https:\/\/norden.social\/@castorstoppen\" target=\"_blank\" rel=\"noopener\">Castor-Ticker.<\/a> Morgen gehen die Proteste weiter, in Ahaus, J\u00fclich, Duisburg&#8230;<\/p>\n<ul>\n<li><span style=\"color: #000000;\"><span style=\"font-family: FreeSans, serif;\"><span style=\"font-size: large;\"><b>Castor-Transporte Nr. 9 und 10 am Dienstag und Mittwoch erwartet<\/b><\/span><\/span><\/span><\/li>\n<li><span style=\"color: #000000;\"><span style=\"font-family: FreeSans, serif;\"><span style=\"font-size: large;\"><b>Atomkraftgegner:innen flexibel mit Protesten an verschiedenen Orten: Gescher, Ahaus, Duisburg, J\u00fclich<\/b><\/span><\/span><\/span><\/li>\n<li><span style=\"color: #000000;\"><span style=\"font-family: FreeSans, serif;\"><span style=\"font-size: large;\"><b>Br\u00fccken m\u00fcssen \u00fcberwacht werden \u2013 auch ohne Proteste<\/b><\/span><\/span><\/span><\/li>\n<\/ul>\n<p align=\"justify\"><span style=\"color: #000000;\"><span style=\"font-family: FreeSans, serif;\"><span style=\"font-size: medium;\"><img loading=\"lazy\" decoding=\"async\" class=\"alignleft size-medium wp-image-3957\" src=\"https:\/\/sofa-ms.de\/wp-content\/uploads\/2026\/07\/Sharepic-TagX9-300x300.jpeg\" alt=\"\" width=\"300\" height=\"300\" srcset=\"https:\/\/sofa-ms.de\/wp-content\/uploads\/2026\/07\/Sharepic-TagX9-300x300.jpeg 300w, https:\/\/sofa-ms.de\/wp-content\/uploads\/2026\/07\/Sharepic-TagX9-1024x1024.jpeg 1024w, https:\/\/sofa-ms.de\/wp-content\/uploads\/2026\/07\/Sharepic-TagX9-150x150.jpeg 150w, https:\/\/sofa-ms.de\/wp-content\/uploads\/2026\/07\/Sharepic-TagX9-768x768.jpeg 768w, https:\/\/sofa-ms.de\/wp-content\/uploads\/2026\/07\/Sharepic-TagX9-1536x1536.jpeg 1536w, https:\/\/sofa-ms.de\/wp-content\/uploads\/2026\/07\/Sharepic-TagX9-465x465.jpeg 465w, https:\/\/sofa-ms.de\/wp-content\/uploads\/2026\/07\/Sharepic-TagX9-500x500.jpeg 500w, https:\/\/sofa-ms.de\/wp-content\/uploads\/2026\/07\/Sharepic-TagX9.jpeg 2048w\" sizes=\"auto, (max-width: 300px) 100vw, 300px\" \/>Da die 152 Castor-Beh\u00e4lter offenbar nur als Einzeltransporte von J\u00fclich nach Ahaus gebracht werden k\u00f6nnen, kann bei der Polizei offenbar keine R\u00fccksicht auf die Ferien genommen werden. F\u00fcr den heutigen Dienstag und morgigen Mittwoch starten nach Informationen der Anti-Atomkraft-Initiativen die Castoren Nr. 9 &amp; Nr. 10, in der Woche darauf dann Nr. 11 &amp; Nr. 12. Wir werden mit flexiblen Protesten an verschiedenen Orten weiterhin auf den gef\u00e4hrlichen Irrsinn der Castor-Transporte aufmerksam machen: Br\u00fccken, die nur in Schrittgeschwindigkeit passiert werden k\u00f6nnen, 152 Einzeltransporte und Lagerung des Atomm\u00fclls auf Jahrzehnte in Ahaus in einer der \u00e4ltesten Lagerhallen, deren Sicherheitsstandard weit hinter sp\u00e4ter errichteten Hallen zur\u00fcckbleibt \u2013 das ist Atomm\u00fcllpolitik ohne Perspektive! <\/span><\/span><\/span><\/p>\n<p align=\"justify\"><span style=\"color: #000000;\"><span style=\"font-family: FreeSans, serif;\"><span style=\"font-size: medium;\">Diese Woche wird es an<\/span><\/span><\/span> <span style=\"color: #000000;\"><span style=\"font-family: FreeSans, serif;\"><span style=\"font-size: medium;\">beiden Tagen abends ab 20 Uhr in J\u00fclich jeweils am Forschungszentrum und am \u201eK\u00f6nigsh\u00e4uschen\u201c nahe der Autobahnauffahrt Mahnwachen geben. Nahe Ahaus ist am Dienstag eine Protest-Aktion auf einer Autobahnbr\u00fccke geplant, am Mittwoch dann in Duisburg. Unterst\u00fctzung unterhalten die Anti-Atomkraft-Initiativen von der Bundestagsabgeordneten Mareike Hermeier, in deren Ahauser B\u00fcro Mittwoch abend um 20 Uhr die Linke NRW zu einer Info-Veranstaltung einl\u00e4dt und ab 22 Uhr bei Teppich Janning eine Mahnwache organisiert.<\/span><\/span><\/span><\/p>\n<p align=\"justify\"><span style=\"color: #000000;\"><span style=\"font-family: FreeSans, serif;\"><span style=\"font-size: medium;\"><b>L\u00fcckenhafter Polizeischutz \u2013 aber kleinkarierter Umgang mit Protest-Symbolen<\/b><\/span><\/span><\/span><\/p>\n<p align=\"justify\"><span style=\"color: #000000;\"><span style=\"font-family: FreeSans, serif;\"><span style=\"font-size: medium;\">Beim 7. und 8. Castor-Transport von J\u00fclich nach Ahaus waren vergangene Woche offenbar wieder nicht alle Br\u00fccken durch die Polizei gesichert. Atomkraft-GegnerInnen gelangten auf Br\u00fccken und machten so deutlich, wie leicht Sabotage und Anschl\u00e4ge m\u00f6glich w\u00e4ren. Gleichzeitig versuchte die Polizei aber, angemeldete Protest-Mahnwachen auf Br\u00fccken zu verhindern und stellte diese als besonders gef\u00e4hrlich dar. Wird der Schutz des Castors durch die Polizei also nur gew\u00e4hrleistet, wenn auch etwaige Sabotage-Akte vorher angemeldet werden? Bei jeder Mahnwache wird kleinkariert etwas beanstandet, erst waren es die Tennisb\u00e4lle, die die Brennelementekugeln symbolisieren, dann als Atomm\u00fcllbeh\u00e4lter angemalte Konservendosen. J\u00fcngst wurden auch Presse-Ausweise durch die Polizei abfotografiert. Die Gesamtproblematik der jahrelangen Transportserie mit Gefahren durch Drohnen und Sabotage sind offenbar egal!<\/span><\/span><\/span><\/p>\n<p align=\"justify\"><span style=\"color: #000000;\">F<span style=\"font-family: FreeSans, serif;\"><span style=\"font-size: medium;\">\u00fcr den 9. Castor am Dienstag ist um 20 Uhr eine Kundgebung an der Br\u00fccke der L571 \u00fcber die A31 angemeldet, danach gibt es noch eine Fahrrad-Demo \u00fcber zwei Autobahnbr\u00fccken. Wir rufen dazu auf, dort mit uns angesichts der Sicherheitsprobleme den Abbruch dieser riesigen Atomm\u00fcllverschiebung zu fordern.<\/span><\/span><\/span><\/p>\n","protected":false},"excerpt":{"rendered":"<p>Update 4, 24. Juli 00:52 Uhr: Castor Nr. 10 ist kurzfristig gegen 21:45 Uhr in J\u00fclich gestartet. In J\u00fclich gab es den dritten Tag in Folge Protest gegen diese unsinnige und unseri\u00f6se Atomm\u00fcllverschiebung, auch an der Autobahn gab es bei Kamp-Lintfort eine Aktion und in Ahaus bildete sich nachts eine<span class=\"more-link\"><a href=\"https:\/\/sofa-ms.de\/?p=3964\">lies mehr<\/a><\/span><\/p>\n","protected":false},"author":3,"featured_media":0,"comment_status":"closed","ping_status":"closed","sticky":false,"template":"","format":"standard","meta":{"footnotes":""},"categories":[6,5,25,26,13,10],"tags":[],"class_list":["entry","author-red-sofa","post-3964","post","type-post","status-publish","format-standard","category-ahaus","category-aktuelles","category-atommuell","category-castor","category-demos","category-juelich"],"_links":{"self":[{"href":"https:\/\/sofa-ms.de\/index.php?rest_route=\/wp\/v2\/posts\/3964","targetHints":{"allow":["GET"]}}],"collection":[{"href":"https:\/\/sofa-ms.de\/index.php?rest_route=\/wp\/v2\/posts"}],"about":[{"href":"https:\/\/sofa-ms.de\/index.php?rest_route=\/wp\/v2\/types\/post"}],"author":[{"embeddable":true,"href":"https:\/\/sofa-ms.de\/index.php?rest_route=\/wp\/v2\/users\/3"}],"replies":[{"embeddable":true,"href":"https:\/\/sofa-ms.de\/index.php?rest_route=%2Fwp%2Fv2%2Fcomments&post=3964"}],"version-history":[{"count":12,"href":"https:\/\/sofa-ms.de\/index.php?rest_route=\/wp\/v2\/posts\/3964\/revisions"}],"predecessor-version":[{"id":3988,"href":"https:\/\/sofa-ms.de\/index.php?rest_route=\/wp\/v2\/posts\/3964\/revisions\/3988"}],"wp:attachment":[{"href":"https:\/\/sofa-ms.de\/index.php?rest_route=%2Fwp%2Fv2%2Fmedia&parent=3964"}],"wp:term":[{"taxonomy":"category","embeddable":true,"href":"https:\/\/sofa-ms.de\/index.php?rest_route=%2Fwp%2Fv2%2Fcategories&post=3964"},{"taxonomy":"post_tag","embeddable":true,"href":"https:\/\/sofa-ms.de\/index.php?rest_route=%2Fwp%2Fv2%2Ftags&post=3964"}],"curies":[{"name":"wp","href":"https:\/\/api.w.org\/{rel}","templated":true}]}}